{"id":38037,"date":"2018-08-09T11:27:52","date_gmt":"2018-08-09T14:27:52","guid":{"rendered":"https:\/\/eldiariodesanpedro.com.ar\/sitio\/?p=38037"},"modified":"2018-08-09T11:27:52","modified_gmt":"2018-08-09T14:27:52","slug":"zarate-un-caballo-un-auto-y-un-patrullero-gravisimo-choque-en-ruta-n-193","status":"publish","type":"post","link":"https:\/\/eldiariodesanpedro.com.ar\/sitio\/zarate-un-caballo-un-auto-y-un-patrullero-gravisimo-choque-en-ruta-n-193\/","title":{"rendered":"ZARATE: Un caballo, un auto y un patrullero: grav\u00edsimo choque en Ruta N\u00b0 193"},"content":{"rendered":"<p><!-- VideographyWP Plugin Message: Automatic video embedding prevented by plugin options. --><br \/>\nEsta madrugada varios vecinos denunciaron la presencia de un caballo muerto en Ruta N\u00b0 193 km 10, en Escalada, por la posibilidad de que se produciera un accidente.<\/p>\n<p>Y fue lo que sucedi\u00f3. Un m\u00f3vil del Comando Patrulla con tres oficiales se\u00f1alizaron la zona, pero debido a la escasa visibilidad fueron impactados por un Chevrolet Corsa conducido por un hombre de 37 a\u00f1os oriundo de Capit\u00e1n Sarmiento.<\/p>\n<p>Uno de los efectivos y el mismo conductor fueron atendidos por las dos ambulancias de Bomberos Voluntarios de Z\u00e1rate, las heridas de ambos ser\u00edan leves.<\/p>\n<p>Fuente: Enlace Critico<\/p>\n","protected":false},"excerpt":{"rendered":"<p>Esta madrugada varios vecinos denunciaron la presencia de un caballo muerto en Ruta N\u00b0 193 km 10, en Escalada, por la posibilidad de que se produciera un accidente. Y fue lo que sucedi\u00f3. Un m\u00f3vil del Comando Patrulla con tres oficiales se\u00f1alizaron la zona, pero debido a la escasa visibilidad fueron impactados por un Chevrolet [&hellip;]<\/p>\n","protected":false},"author":4,"featured_media":38038,"comment_status":"open","ping_status":"closed","sticky":false,"template":"","format":"standard","meta":{"om_disable_all_campaigns":false,"_jetpack_memberships_contains_paid_content":false,"footnotes":""},"categories":[621],"tags":[],"class_list":["post-38037","post","type-post","status-publish","format-standard","has-post-thumbnail","hentry","category-regionales"],"aioseo_notices":[],"gutentor_comment":0,"jetpack_featured_media_url":"https:\/\/eldiariodesanpedro.com.ar\/sitio\/wp-content\/uploads\/2018\/08\/IMG_20180809_103009.jpg","jetpack_shortlink":"https:\/\/wp.me\/p6RhLt-9Tv","jetpack_sharing_enabled":true,"_links":{"self":[{"href":"https:\/\/eldiariodesanpedro.com.ar\/sitio\/wp-json\/wp\/v2\/posts\/38037","targetHints":{"allow":["GET"]}}],"collection":[{"href":"https:\/\/eldiariodesanpedro.com.ar\/sitio\/wp-json\/wp\/v2\/posts"}],"about":[{"href":"https:\/\/eldiariodesanpedro.com.ar\/sitio\/wp-json\/wp\/v2\/types\/post"}],"author":[{"embeddable":true,"href":"https:\/\/eldiariodesanpedro.com.ar\/sitio\/wp-json\/wp\/v2\/users\/4"}],"replies":[{"embeddable":true,"href":"https:\/\/eldiariodesanpedro.com.ar\/sitio\/wp-json\/wp\/v2\/comments?post=38037"}],"version-history":[{"count":1,"href":"https:\/\/eldiariodesanpedro.com.ar\/sitio\/wp-json\/wp\/v2\/posts\/38037\/revisions"}],"predecessor-version":[{"id":38039,"href":"https:\/\/eldiariodesanpedro.com.ar\/sitio\/wp-json\/wp\/v2\/posts\/38037\/revisions\/38039"}],"wp:featuredmedia":[{"embeddable":true,"href":"https:\/\/eldiariodesanpedro.com.ar\/sitio\/wp-json\/wp\/v2\/media\/38038"}],"wp:attachment":[{"href":"https:\/\/eldiariodesanpedro.com.ar\/sitio\/wp-json\/wp\/v2\/media?parent=38037"}],"wp:term":[{"taxonomy":"category","embeddable":true,"href":"https:\/\/eldiariodesanpedro.com.ar\/sitio\/wp-json\/wp\/v2\/categories?post=38037"},{"taxonomy":"post_tag","embeddable":true,"href":"https:\/\/eldiariodesanpedro.com.ar\/sitio\/wp-json\/wp\/v2\/tags?post=38037"}],"curies":[{"name":"wp","href":"https:\/\/api.w.org\/{rel}","templated":true}]}}