{"id":38036,"date":"2018-08-09T11:42:07","date_gmt":"2018-08-09T14:42:07","guid":{"rendered":"https:\/\/eldiariodesanpedro.com.ar\/sitio\/?p=38036"},"modified":"2018-08-13T08:54:21","modified_gmt":"2018-08-13T11:54:21","slug":"el-docente-acusado-de-abusar-de-sus-hijas-quiere-juicio-abreviado","status":"publish","type":"post","link":"https:\/\/eldiariodesanpedro.com.ar\/sitio\/el-docente-acusado-de-abusar-de-sus-hijas-quiere-juicio-abreviado\/","title":{"rendered":"El docente acusado de abusar de sus hijas solicit\u00f3 un juicio abreviado"},"content":{"rendered":"<p><!-- VideographyWP Plugin Message: Automatic video embedding prevented by plugin options. --><br \/>\nCabe recordar que el aberrante hecho trascendi\u00f3 en el a\u00f1o 2015, cuando la noticia golpeo fuertemente a nuestra ciudad conoci\u00e9ndose que dos menores eran abusadas sexualmente por su propio padre y su esposa, una de sus hijas fue la que denunci\u00f3 ser abusada sexualmente y luego de la c\u00e1mara Gesell que se les practic\u00f3 tambi\u00e9n a una hermana mayor, se pudo confirmar el hecho.<\/p>\n<p>El es un profesor de matem\u00e1ticas y ex inspector de Educaci\u00f3n junto a su esposa tambi\u00e9n docente, los dos fueron procesados por la fiscal Ramos quien espero tambi\u00e9n, en su momento, los resultados de las pericias psicol\u00f3gicas e inform\u00e1ticas que se llevaron a cabo sobre las computadoras secuestradas a la familia en el allanamiento realizado en noviembre del 2015 que se trataba de un CPU, un pendrive y material f\u00edlmico que fue encontrado en el domicilio donde los vecinos, familiares y amigos repudiaron el hecho pintando con aerosol frases como violadores en toda la casa.<\/p>\n<p>Los abusadores de nombre Mariela G\u00e1lvez es defendida por el Dr. Sino, al tiempo que Jos\u00e9 Prado es patrocinado por el defensor oficial, Pablo Pratti. En tanto, tambi\u00e9n se encuentra ligado a la causa C\u00e9sar Prieto, amigo de la familia y con quien las menores hab\u00edan pasado las primeras horas tras la detenci\u00f3n de los padres.<\/p>\n<p>En la actualidad se acerca la definici\u00f3n del caso y el acusado eligi\u00f3 el sistema de juicio abreviado. Para ello, su abogado ya acord\u00f3 con la fiscal Viviana Ramos.<\/p>\n<p>El pr\u00f3ximo paso ser\u00e1 el de establecer entre las partes cu\u00e1ntos a\u00f1os de pena m\u00e1xima tendr\u00e1 el juez, como resultado de ese convenio, para aplicar en caso de hallar al acusado culpable de los delitos de los que est\u00e1 acusado en este proceso; en tanto la Fiscal ir\u00eda por la sanci\u00f3n m\u00e1xima que le cabe a este tipo de delito: una condena de 15 a\u00f1os de prisi\u00f3n efectiva.<\/p>\n<p>Distinto es el caso de su esposa, quien atraviesa un cuadro de salud mental que impide que sea sometido a juicio, por lo que la evaluaci\u00f3n judicial de su situaci\u00f3n penal se ver\u00e1 demorada.<\/p>\n<p><img decoding=\"async\" data-attachment-id=\"38042\" data-permalink=\"https:\/\/eldiariodesanpedro.com.ar\/sitio\/el-docente-acusado-de-abusar-de-sus-hijas-quiere-juicio-abreviado\/mariela-galvez\/\" data-orig-file=\"https:\/\/eldiariodesanpedro.com.ar\/sitio\/wp-content\/uploads\/2018\/08\/mariela-galvez.jpg\" data-orig-size=\"417,266\" data-comments-opened=\"1\" data-image-meta=\"{&quot;aperture&quot;:&quot;0&quot;,&quot;credit&quot;:&quot;&quot;,&quot;camera&quot;:&quot;&quot;,&quot;caption&quot;:&quot;&quot;,&quot;created_timestamp&quot;:&quot;0&quot;,&quot;copyright&quot;:&quot;&quot;,&quot;focal_length&quot;:&quot;0&quot;,&quot;iso&quot;:&quot;0&quot;,&quot;shutter_speed&quot;:&quot;0&quot;,&quot;title&quot;:&quot;&quot;,&quot;orientation&quot;:&quot;0&quot;}\" data-image-title=\"mariela-galvez\" data-image-description=\"\" data-image-caption=\"\" data-large-file=\"https:\/\/eldiariodesanpedro.com.ar\/sitio\/wp-content\/uploads\/2018\/08\/mariela-galvez.jpg\" class=\"alignnone size-full wp-image-38042 lazyload\" data-src=\"https:\/\/eldiariodesanpedro.com.ar\/sitio\/wp-content\/uploads\/2018\/08\/mariela-galvez.jpg\" alt=\"\" width=\"417\" height=\"266\" data-srcset=\"https:\/\/eldiariodesanpedro.com.ar\/sitio\/wp-content\/uploads\/2018\/08\/mariela-galvez.jpg 417w, https:\/\/eldiariodesanpedro.com.ar\/sitio\/wp-content\/uploads\/2018\/08\/mariela-galvez-300x191.jpg 300w\" data-sizes=\"(max-width: 417px) 100vw, 417px\" src=\"data:image\/svg+xml;base64,PHN2ZyB3aWR0aD0iMSIgaGVpZ2h0PSIxIiB4bWxucz0iaHR0cDovL3d3dy53My5vcmcvMjAwMC9zdmciPjwvc3ZnPg==\" style=\"--smush-placeholder-width: 417px; --smush-placeholder-aspect-ratio: 417\/266;\" \/><\/p>\n<p><img decoding=\"async\" data-attachment-id=\"38043\" data-permalink=\"https:\/\/eldiariodesanpedro.com.ar\/sitio\/el-docente-acusado-de-abusar-de-sus-hijas-quiere-juicio-abreviado\/abusador-san-pedro-300x225\/\" data-orig-file=\"https:\/\/eldiariodesanpedro.com.ar\/sitio\/wp-content\/uploads\/2018\/08\/abusador-san-pedro-300x225.jpg\" data-orig-size=\"300,225\" data-comments-opened=\"1\" data-image-meta=\"{&quot;aperture&quot;:&quot;0&quot;,&quot;credit&quot;:&quot;&quot;,&quot;camera&quot;:&quot;&quot;,&quot;caption&quot;:&quot;&quot;,&quot;created_timestamp&quot;:&quot;0&quot;,&quot;copyright&quot;:&quot;&quot;,&quot;focal_length&quot;:&quot;0&quot;,&quot;iso&quot;:&quot;0&quot;,&quot;shutter_speed&quot;:&quot;0&quot;,&quot;title&quot;:&quot;&quot;,&quot;orientation&quot;:&quot;0&quot;}\" data-image-title=\"abusador-san-pedro-300&amp;#215;225\" data-image-description=\"\" data-image-caption=\"\" data-large-file=\"https:\/\/eldiariodesanpedro.com.ar\/sitio\/wp-content\/uploads\/2018\/08\/abusador-san-pedro-300x225.jpg\" class=\"alignnone size-full wp-image-38043 lazyload\" data-src=\"https:\/\/eldiariodesanpedro.com.ar\/sitio\/wp-content\/uploads\/2018\/08\/abusador-san-pedro-300x225.jpg\" alt=\"\" width=\"300\" height=\"225\" src=\"data:image\/svg+xml;base64,PHN2ZyB3aWR0aD0iMSIgaGVpZ2h0PSIxIiB4bWxucz0iaHR0cDovL3d3dy53My5vcmcvMjAwMC9zdmciPjwvc3ZnPg==\" style=\"--smush-placeholder-width: 300px; --smush-placeholder-aspect-ratio: 300\/225;\" \/><\/p>\n","protected":false},"excerpt":{"rendered":"<p>Cabe recordar que el aberrante hecho trascendi\u00f3 en el a\u00f1o 2015, cuando la noticia golpeo fuertemente a nuestra ciudad conoci\u00e9ndose que dos menores eran abusadas sexualmente por su propio padre y su esposa, una de sus hijas fue la que denunci\u00f3 ser abusada sexualmente y luego de la c\u00e1mara Gesell que se les practic\u00f3 tambi\u00e9n [&hellip;]<\/p>\n","protected":false},"author":4,"featured_media":38044,"comment_status":"open","ping_status":"closed","sticky":false,"template":"","format":"standard","meta":{"om_disable_all_campaigns":false,"_jetpack_memberships_contains_paid_content":false,"footnotes":""},"categories":[50,2,103],"tags":[],"class_list":["post-38036","post","type-post","status-publish","format-standard","has-post-thumbnail","hentry","category-destacadas","category-locales","category-policiales-locales"],"aioseo_notices":[],"gutentor_comment":0,"jetpack_featured_media_url":"https:\/\/eldiariodesanpedro.com.ar\/sitio\/wp-content\/uploads\/2018\/08\/uno-de-los-detenidos-fue-trasladado-a-la-fiscalia-1.jpg","jetpack_shortlink":"https:\/\/wp.me\/p6RhLt-9Tu","jetpack_sharing_enabled":true,"_links":{"self":[{"href":"https:\/\/eldiariodesanpedro.com.ar\/sitio\/wp-json\/wp\/v2\/posts\/38036","targetHints":{"allow":["GET"]}}],"collection":[{"href":"https:\/\/eldiariodesanpedro.com.ar\/sitio\/wp-json\/wp\/v2\/posts"}],"about":[{"href":"https:\/\/eldiariodesanpedro.com.ar\/sitio\/wp-json\/wp\/v2\/types\/post"}],"author":[{"embeddable":true,"href":"https:\/\/eldiariodesanpedro.com.ar\/sitio\/wp-json\/wp\/v2\/users\/4"}],"replies":[{"embeddable":true,"href":"https:\/\/eldiariodesanpedro.com.ar\/sitio\/wp-json\/wp\/v2\/comments?post=38036"}],"version-history":[{"count":3,"href":"https:\/\/eldiariodesanpedro.com.ar\/sitio\/wp-json\/wp\/v2\/posts\/38036\/revisions"}],"predecessor-version":[{"id":38255,"href":"https:\/\/eldiariodesanpedro.com.ar\/sitio\/wp-json\/wp\/v2\/posts\/38036\/revisions\/38255"}],"wp:featuredmedia":[{"embeddable":true,"href":"https:\/\/eldiariodesanpedro.com.ar\/sitio\/wp-json\/wp\/v2\/media\/38044"}],"wp:attachment":[{"href":"https:\/\/eldiariodesanpedro.com.ar\/sitio\/wp-json\/wp\/v2\/media?parent=38036"}],"wp:term":[{"taxonomy":"category","embeddable":true,"href":"https:\/\/eldiariodesanpedro.com.ar\/sitio\/wp-json\/wp\/v2\/categories?post=38036"},{"taxonomy":"post_tag","embeddable":true,"href":"https:\/\/eldiariodesanpedro.com.ar\/sitio\/wp-json\/wp\/v2\/tags?post=38036"}],"curies":[{"name":"wp","href":"https:\/\/api.w.org\/{rel}","templated":true}]}}