{"id":38032,"date":"2018-08-09T11:01:42","date_gmt":"2018-08-09T14:01:42","guid":{"rendered":"https:\/\/eldiariodesanpedro.com.ar\/sitio\/?p=38032"},"modified":"2018-08-09T11:01:42","modified_gmt":"2018-08-09T14:01:42","slug":"zarate-luego-de-la-clausura-del-predio-de-concaro-el-hcd-de-zarate-declaro-la-emergencia-sanitaria","status":"publish","type":"post","link":"https:\/\/eldiariodesanpedro.com.ar\/sitio\/zarate-luego-de-la-clausura-del-predio-de-concaro-el-hcd-de-zarate-declaro-la-emergencia-sanitaria\/","title":{"rendered":"ZARATE: Luego de la clausura del predio de C\u00f3ncaro el HCD de Z\u00e1rate declar\u00f3 la emergencia sanitaria"},"content":{"rendered":"<p><!-- VideographyWP Plugin Message: Automatic video embedding prevented by plugin options. --><br \/>\nLa Ordenanza faculta al Ejecutivo a implementar las medidas correspondientes para el nuevo destino de la disposici\u00f3n final de los residuos s\u00f3lidos urbanos en el CEAMSE (Coordinaci\u00f3n Ecol\u00f3gica \u00c1rea Metropolitana Sociedad del Estado).<br \/>\nSe concret\u00f3 en el marco de la novena sesi\u00f3n p\u00fablica en el Concejo Deliberante de Z\u00e1rate y uno de los temas fundamentales a tratar era el tratamiento del Proyecto de Ordenanza 242\/18, declarando el estado de emergencia sanitaria en el Partido.<\/p>\n<p>Tras un cuarto intermedio, finalmente, fue aprobada la Ordenanza por todos los ediles, aunque desde el bloque Cambiemos remarcaran que \u201chab\u00eda pasado mucho tiempo para buscarle una soluci\u00f3n a un problema que ya es hist\u00f3rico\u201d.<\/p>\n<p>Fuente: Diario El Norte<\/p>\n","protected":false},"excerpt":{"rendered":"<p>La Ordenanza faculta al Ejecutivo a implementar las medidas correspondientes para el nuevo destino de la disposici\u00f3n final de los residuos s\u00f3lidos urbanos en el CEAMSE (Coordinaci\u00f3n Ecol\u00f3gica \u00c1rea Metropolitana Sociedad del Estado). Se concret\u00f3 en el marco de la novena sesi\u00f3n p\u00fablica en el Concejo Deliberante de Z\u00e1rate y uno de los temas fundamentales [&hellip;]<\/p>\n","protected":false},"author":4,"featured_media":38033,"comment_status":"open","ping_status":"closed","sticky":false,"template":"","format":"standard","meta":{"om_disable_all_campaigns":false,"_jetpack_memberships_contains_paid_content":false,"footnotes":""},"categories":[621],"tags":[],"class_list":["post-38032","post","type-post","status-publish","format-standard","has-post-thumbnail","hentry","category-regionales"],"aioseo_notices":[],"gutentor_comment":0,"jetpack_featured_media_url":"https:\/\/eldiariodesanpedro.com.ar\/sitio\/wp-content\/uploads\/2018\/08\/38682924_2303851576298827_7657266681143623680_n_658x400.jpg","jetpack_shortlink":"https:\/\/wp.me\/p6RhLt-9Tq","jetpack_sharing_enabled":true,"_links":{"self":[{"href":"https:\/\/eldiariodesanpedro.com.ar\/sitio\/wp-json\/wp\/v2\/posts\/38032","targetHints":{"allow":["GET"]}}],"collection":[{"href":"https:\/\/eldiariodesanpedro.com.ar\/sitio\/wp-json\/wp\/v2\/posts"}],"about":[{"href":"https:\/\/eldiariodesanpedro.com.ar\/sitio\/wp-json\/wp\/v2\/types\/post"}],"author":[{"embeddable":true,"href":"https:\/\/eldiariodesanpedro.com.ar\/sitio\/wp-json\/wp\/v2\/users\/4"}],"replies":[{"embeddable":true,"href":"https:\/\/eldiariodesanpedro.com.ar\/sitio\/wp-json\/wp\/v2\/comments?post=38032"}],"version-history":[{"count":1,"href":"https:\/\/eldiariodesanpedro.com.ar\/sitio\/wp-json\/wp\/v2\/posts\/38032\/revisions"}],"predecessor-version":[{"id":38034,"href":"https:\/\/eldiariodesanpedro.com.ar\/sitio\/wp-json\/wp\/v2\/posts\/38032\/revisions\/38034"}],"wp:featuredmedia":[{"embeddable":true,"href":"https:\/\/eldiariodesanpedro.com.ar\/sitio\/wp-json\/wp\/v2\/media\/38033"}],"wp:attachment":[{"href":"https:\/\/eldiariodesanpedro.com.ar\/sitio\/wp-json\/wp\/v2\/media?parent=38032"}],"wp:term":[{"taxonomy":"category","embeddable":true,"href":"https:\/\/eldiariodesanpedro.com.ar\/sitio\/wp-json\/wp\/v2\/categories?post=38032"},{"taxonomy":"post_tag","embeddable":true,"href":"https:\/\/eldiariodesanpedro.com.ar\/sitio\/wp-json\/wp\/v2\/tags?post=38032"}],"curies":[{"name":"wp","href":"https:\/\/api.w.org\/{rel}","templated":true}]}}