{"id":38028,"date":"2018-08-09T10:55:22","date_gmt":"2018-08-09T13:55:22","guid":{"rendered":"https:\/\/eldiariodesanpedro.com.ar\/sitio\/?p=38028"},"modified":"2018-08-09T10:55:22","modified_gmt":"2018-08-09T13:55:22","slug":"san-nicolas-recuperaron-mercaderia-y-utensilios-robados-a-la-escuela-nro-45","status":"publish","type":"post","link":"https:\/\/eldiariodesanpedro.com.ar\/sitio\/san-nicolas-recuperaron-mercaderia-y-utensilios-robados-a-la-escuela-nro-45\/","title":{"rendered":"SAN NICOLAS: Recuperaron mercader\u00eda y utensilios robados a la Escuela Nro. 45"},"content":{"rendered":"<p><!-- VideographyWP Plugin Message: Automatic video embedding prevented by plugin options. --><br \/>\nEl pasado fin de semana sujetos desconocidos se colaron en la Escuela Nro. 45 de barrio Moreno y sustrajeron mercader\u00eda y utensilios de cocina. Tras tareas investigativas, personal policial recuper\u00f3 los elementos sustra\u00eddos y est\u00e1 en procura de aprehender a los ladrones.<\/p>\n<p>Como consign\u00f3 oportunamente EL NORTE, el pasado viernes, denunci\u00f3 en sede de la Comisar\u00eda San Nicol\u00e1s Tercera, la directora de la escuela N\u00b0 45, sita en calle Zaracondegui N\u00b0 474, que autores ignorados, previo forzar la reja de una ventana, ingresaron al establecimiento sustrayendo varias mercader\u00edas, elementos de limpieza y utensilios de cocina. En ese momento se convoc\u00f3 a la Polic\u00eda Cient\u00edfica para fines periciales y se labraron actuaciones caratuladas \u201cRobo\u201d, con intervenci\u00f3n de la Unidad Funcional de Instrucci\u00f3n N\u00b0 3 a cargo de la Dra. Bel\u00e9n Ba\u00f1os del Departamento Judicial San Nicol\u00e1s.<\/p>\n<p>Investigaci\u00f3n<\/p>\n<p>Personal de la Comisar\u00eda San Nicol\u00e1s Tercera, tras averiguaciones practicadas y arduas tareas de campo lograron establecer la autor\u00eda del hecho en perjuicio de la Escuela N\u00b0 45 B\u00b0 Moreno.<\/p>\n<p>Con los datos recabados dieron cumplimiento, junto con personal del Comando de Patrullas San Nicol\u00e1s y Polic\u00eda Local, a la orden de allanamiento librada por el Juzgado de Garant\u00edas N\u00b0 2 a cargo del Dr. Ricardo Prati de este Departamento Judicial.<\/p>\n<p>El mismo se realiz\u00f3 en un domicilio ubicado en calle Chacabuco al 1000, donde se procedi\u00f3 al secuestro de mercader\u00edas y utensilios de cocina reconocidos por la Directora denunciante como propiedad del establecimiento.<\/p>\n<p>La polic\u00eda procura dar con los autores del il\u00edcito que ya estar\u00edan identificados.<\/p>\n<p>Develan otro robo<\/p>\n<p>Asimismo personal de la Comisar\u00eda San Nicol\u00e1s Primera juntamente con efectivos del Comando de Patrullas San Nicol\u00e1s, en un domicilio ubicado en calle Am\u00e9rica procedi\u00f3 a la aprehensi\u00f3n de dos personas de 20 y 36 a\u00f1os, quienes momentos antes en calle Urquiza y Am\u00e9rica interceptaron a una mujer de 38 a\u00f1os, y tras tomarla del cuello le sustrajeron efectos personales. Se incaut\u00f3 en poder de los aprehendidos los elementos sustra\u00eddos siendo restituidos a su propietaria. Se labraron actuaciones bajo caratula \u201cTentativa de robo\u201d, con intervenci\u00f3n de la Unidad Funcional de Instrucci\u00f3n N\u00b0 4 a cargo del Dr. Omar Tempo del Departamento Judicial San Nicol\u00e1s.<\/p>\n<p>Fuente: Diario El Norte<\/p>\n","protected":false},"excerpt":{"rendered":"<p>El pasado fin de semana sujetos desconocidos se colaron en la Escuela Nro. 45 de barrio Moreno y sustrajeron mercader\u00eda y utensilios de cocina. Tras tareas investigativas, personal policial recuper\u00f3 los elementos sustra\u00eddos y est\u00e1 en procura de aprehender a los ladrones. Como consign\u00f3 oportunamente EL NORTE, el pasado viernes, denunci\u00f3 en sede de la [&hellip;]<\/p>\n","protected":false},"author":4,"featured_media":38030,"comment_status":"open","ping_status":"closed","sticky":false,"template":"","format":"standard","meta":{"om_disable_all_campaigns":false,"_jetpack_memberships_contains_paid_content":false,"footnotes":""},"categories":[621],"tags":[],"class_list":["post-38028","post","type-post","status-publish","format-standard","has-post-thumbnail","hentry","category-regionales"],"aioseo_notices":[],"gutentor_comment":0,"jetpack_featured_media_url":"https:\/\/eldiariodesanpedro.com.ar\/sitio\/wp-content\/uploads\/2018\/08\/elnorte5b6bffa6bf454_7-escuela-3x10.jpg","jetpack_shortlink":"https:\/\/wp.me\/p6RhLt-9Tm","jetpack_sharing_enabled":true,"_links":{"self":[{"href":"https:\/\/eldiariodesanpedro.com.ar\/sitio\/wp-json\/wp\/v2\/posts\/38028","targetHints":{"allow":["GET"]}}],"collection":[{"href":"https:\/\/eldiariodesanpedro.com.ar\/sitio\/wp-json\/wp\/v2\/posts"}],"about":[{"href":"https:\/\/eldiariodesanpedro.com.ar\/sitio\/wp-json\/wp\/v2\/types\/post"}],"author":[{"embeddable":true,"href":"https:\/\/eldiariodesanpedro.com.ar\/sitio\/wp-json\/wp\/v2\/users\/4"}],"replies":[{"embeddable":true,"href":"https:\/\/eldiariodesanpedro.com.ar\/sitio\/wp-json\/wp\/v2\/comments?post=38028"}],"version-history":[{"count":1,"href":"https:\/\/eldiariodesanpedro.com.ar\/sitio\/wp-json\/wp\/v2\/posts\/38028\/revisions"}],"predecessor-version":[{"id":38031,"href":"https:\/\/eldiariodesanpedro.com.ar\/sitio\/wp-json\/wp\/v2\/posts\/38028\/revisions\/38031"}],"wp:featuredmedia":[{"embeddable":true,"href":"https:\/\/eldiariodesanpedro.com.ar\/sitio\/wp-json\/wp\/v2\/media\/38030"}],"wp:attachment":[{"href":"https:\/\/eldiariodesanpedro.com.ar\/sitio\/wp-json\/wp\/v2\/media?parent=38028"}],"wp:term":[{"taxonomy":"category","embeddable":true,"href":"https:\/\/eldiariodesanpedro.com.ar\/sitio\/wp-json\/wp\/v2\/categories?post=38028"},{"taxonomy":"post_tag","embeddable":true,"href":"https:\/\/eldiariodesanpedro.com.ar\/sitio\/wp-json\/wp\/v2\/tags?post=38028"}],"curies":[{"name":"wp","href":"https:\/\/api.w.org\/{rel}","templated":true}]}}