{"id":38023,"date":"2018-08-09T10:54:24","date_gmt":"2018-08-09T13:54:24","guid":{"rendered":"https:\/\/eldiariodesanpedro.com.ar\/sitio\/?p=38023"},"modified":"2018-08-09T10:54:24","modified_gmt":"2018-08-09T13:54:24","slug":"inauguracion-acto-y-desfile-en-santa-lucia","status":"publish","type":"post","link":"https:\/\/eldiariodesanpedro.com.ar\/sitio\/inauguracion-acto-y-desfile-en-santa-lucia\/","title":{"rendered":"Inauguraci\u00f3n, Acto y Desfile en Santa Luc\u00eda"},"content":{"rendered":"<p><!-- VideographyWP Plugin Message: Automatic video embedding prevented by plugin options. --><br \/>\nLa Municipalidad de San Pedro y la Delegaci\u00f3n Municipal de Santa Luc\u00eda invitan el pr\u00f3ximo 19 de agosto a participar de las actividades previstas en la localidad. A las 9 de la ma\u00f1ana con la presencia de autoridades quedar\u00e1 inaugurada la obra en el Pabell\u00f3n Gastron\u00f3mico y Recreativo Nuestro Pueblo en el Hospital.  <\/p>\n<p>Posteriormente en la plaza que honra su figura, rendiremos homenaje al General Don Jos\u00e9 de San Mart\u00edn al cumplirse un nuevo aniversario de su muerte. En el cierre del mismo contaremos con la participaci\u00f3n de la Banda de M\u00fasica de la Prefectura Naval Argentina, cuadros de danzas folcl\u00f3ricas tradicionales y un desfile de delegaciones institucionales y gauchescas.<\/p>\n","protected":false},"excerpt":{"rendered":"<p>La Municipalidad de San Pedro y la Delegaci\u00f3n Municipal de Santa Luc\u00eda invitan el pr\u00f3ximo 19 de agosto a participar de las actividades previstas en la localidad. A las 9 de la ma\u00f1ana con la presencia de autoridades quedar\u00e1 inaugurada la obra en el Pabell\u00f3n Gastron\u00f3mico y Recreativo Nuestro Pueblo en el Hospital. Posteriormente en [&hellip;]<\/p>\n","protected":false},"author":4,"featured_media":38027,"comment_status":"open","ping_status":"closed","sticky":false,"template":"","format":"standard","meta":{"om_disable_all_campaigns":false,"_jetpack_memberships_contains_paid_content":false,"footnotes":""},"categories":[101,2],"tags":[],"class_list":["post-38023","post","type-post","status-publish","format-standard","has-post-thumbnail","hentry","category-interes-general-locales","category-locales"],"aioseo_notices":[],"gutentor_comment":0,"jetpack_featured_media_url":"https:\/\/eldiariodesanpedro.com.ar\/sitio\/wp-content\/uploads\/2018\/08\/images.jpg","jetpack_shortlink":"https:\/\/wp.me\/p6RhLt-9Th","jetpack_sharing_enabled":true,"_links":{"self":[{"href":"https:\/\/eldiariodesanpedro.com.ar\/sitio\/wp-json\/wp\/v2\/posts\/38023","targetHints":{"allow":["GET"]}}],"collection":[{"href":"https:\/\/eldiariodesanpedro.com.ar\/sitio\/wp-json\/wp\/v2\/posts"}],"about":[{"href":"https:\/\/eldiariodesanpedro.com.ar\/sitio\/wp-json\/wp\/v2\/types\/post"}],"author":[{"embeddable":true,"href":"https:\/\/eldiariodesanpedro.com.ar\/sitio\/wp-json\/wp\/v2\/users\/4"}],"replies":[{"embeddable":true,"href":"https:\/\/eldiariodesanpedro.com.ar\/sitio\/wp-json\/wp\/v2\/comments?post=38023"}],"version-history":[{"count":1,"href":"https:\/\/eldiariodesanpedro.com.ar\/sitio\/wp-json\/wp\/v2\/posts\/38023\/revisions"}],"predecessor-version":[{"id":38029,"href":"https:\/\/eldiariodesanpedro.com.ar\/sitio\/wp-json\/wp\/v2\/posts\/38023\/revisions\/38029"}],"wp:featuredmedia":[{"embeddable":true,"href":"https:\/\/eldiariodesanpedro.com.ar\/sitio\/wp-json\/wp\/v2\/media\/38027"}],"wp:attachment":[{"href":"https:\/\/eldiariodesanpedro.com.ar\/sitio\/wp-json\/wp\/v2\/media?parent=38023"}],"wp:term":[{"taxonomy":"category","embeddable":true,"href":"https:\/\/eldiariodesanpedro.com.ar\/sitio\/wp-json\/wp\/v2\/categories?post=38023"},{"taxonomy":"post_tag","embeddable":true,"href":"https:\/\/eldiariodesanpedro.com.ar\/sitio\/wp-json\/wp\/v2\/tags?post=38023"}],"curies":[{"name":"wp","href":"https:\/\/api.w.org\/{rel}","templated":true}]}}