{"id":38006,"date":"2018-08-09T10:01:17","date_gmt":"2018-08-09T13:01:17","guid":{"rendered":"https:\/\/eldiariodesanpedro.com.ar\/sitio\/?p=38006"},"modified":"2018-08-09T10:01:17","modified_gmt":"2018-08-09T13:01:17","slug":"el-cuerpo-de-bomberos-voluntarios-celebran-59-anos-de-vida","status":"publish","type":"post","link":"https:\/\/eldiariodesanpedro.com.ar\/sitio\/el-cuerpo-de-bomberos-voluntarios-celebran-59-anos-de-vida\/","title":{"rendered":"El cuerpo de Bomberos Voluntarios celebran 59 a\u00f1os de vida"},"content":{"rendered":"<p><!-- VideographyWP Plugin Message: Automatic video embedding prevented by plugin options. --><br \/>\nEl cuerpo de voluntarios celebra un nuevo Aniversario. El s\u00e1bado se desarrollar\u00e1 el acto oficial a las 11 horas en el cuartel central.<\/p>\n<p>La verdadera y sana moral pol\u00edtica de un pueblo organizado como trat\u00f3 de serlo el nuestro, aspir\u00f3 desde sus inicios a resolver los problemas que fueron surgiendo a lo largo de su inicial existencia. De all\u00ed la presencia en nuestra ciudad de distintas instituciones creadas a lo largo de su vida institucional, por grupos de personas que buscaron organizarse para cultivar el conocimiento a trav\u00e9s de una biblioteca o hacer frente a situaciones de emergencia de dif\u00edcil soluci\u00f3n individual.<\/p>\n<p>Igual que en la mayor\u00eda de las poblaciones, la instituci\u00f3n de referencia surgi\u00f3 de un suceso imprevisto como el que analizaremos o en otros casos cuando el progreso mismo impuls\u00f3 su creaci\u00f3n, imitando las iniciativas de otras ciudades.<\/p>\n<p>En nuestra ciudad desde que la villa tuvo las caracter\u00edsticas de un poblado con cierta organizaci\u00f3n, sinti\u00f3 la necesidad de organizar un grupo de vecinos voluntarios, luego de producirse el primer siniestro que dio nacimiento a tal inquietud, en oportunidad de incendiarse la farmacia del la sociedad Lisandro Ricci-Andr\u00e9s Biancardi en 1902, ubicada en la esquina de 25 de Mayo y Pueyred\u00f3n, frente a la plaza que le dio nombre, conocida como Farmacia del Mercado, por la existencia del mercado p\u00fablico municipal establecido en lo que hoy es la plaza Belgrano, luego del incendio se traslad\u00f3 a la esquina haciendo cruz.<\/p>\n<p>No obstante el siniestro mencionado, pasaron varios a\u00f1os antes de que se planteara la iniciativa de organizar una comisi\u00f3n destinada a crear un cuerpo de Bomberos Voluntarios, tomando como ejemplo el creado en la ciudad de Buenos Aires, por un grupo de italianos solidarios, que dieron nacimiento a la Sociedad Italiana de Bomberos Voluntarios de La Boca, el d\u00eda 2 de Junio de 1884, que fue tomado como D\u00eda Nacional del Bombero.<br \/>\nMotivada por el recuerdo del aquel incendio, varios comerciantes, profesionales y vecinos se reunieron en octubre de 1928, con la intenci\u00f3n de organizar un grupo de personas para en caso de un eventual desastre o accidente, actuara de modo solidario y se prestaran para realizar gratuitamente el auxilio si se reiterarse un hecho como el mencionado.<\/p>\n<p>De all\u00ed que resulta un compromiso moral, recordar los nombres aquellos que pusieron el primer granito de arena que gener\u00f3 con el transcurso del tiempo, la hoy brillante y s\u00f3lida instituci\u00f3n, que resguarda los bienes materiales de todos los vecinos de la zona sin fines de lucro alguno, arriesgando y quedando a merced del fuego con riesgo de vida de sus integrantes voluntarios en m\u00e1s de oportunidad.<\/p>\n<p>El primer siniestro ya mencionado provocado accidentalmente por el juego de dos ni\u00f1os, tuvo como primer damnificado a don Carlos Ricci, representante Consular de la colectividad italiana y farmac\u00e9utico local, que en ese accidente que provoc\u00f3 el incendio, perdi\u00f3 la vida su hijo Gilberto Ricci, sufriendo su padre graves quemaduras en defensa de la vida de su hijo y de su Comercio.<\/p>\n<p>Motivado por el mismo Carlos Ricci por la experiencia vivida, se reunieron acompa\u00f1ando su iniciativa en octubre de 1928, los se\u00f1ores Luis Oliveri, Adolfo Caroni, A. Butti hijo, F. Fuertes, Antonio Ruiz, A. Falcioni, C. Bernasconi, J, Gonz\u00e1lez, C.Stein, S. Gered\u00fas, J.Nahon, R. Iturburu, G. Guti\u00e9rrez, Miguel Bozzano, Jos\u00e9 Llorens, R.Asc\u00e1rate, Manuel Maggio y A. Ruggia, con la intenci\u00f3n de organizar una sociedad para asistir en casos de accidentes o siniestros similares.<\/p>\n<p>Luego de los primeros intentos por lograr el apoyo necesario, principalmente del comercio y Municipio, lamentablemente la iniciativa no prosper\u00f3 y reci\u00e9n treinta a\u00f1os m\u00e1s tarde, al impulso del entonces presidente del Rotary Club local don V\u00edctor Enrique Solmi, que cont\u00f3 con el apoyo del Centro de Comercio e Industria y del Intendente Municipal don Rolando Gonz\u00e1lez, promovieron una convocatoria a las restantes instituciones locales y vecinos de la ciudad, para una asamblea de car\u00e1cter netamente popular, en la sede de la instituci\u00f3n comercial, para la organizaci\u00f3n de una comisi\u00f3n Pro Creaci\u00f3n de un Cuerpo de Bomberos Voluntarios de San Pedro,<br \/>\nDicha Asamblea realizada en el Centro de Comercio e Industria cont\u00f3 con la asistencia del se\u00f1or Intendente Municipal Rolando Gonz\u00e1lez, el Presidente de la instituci\u00f3n anfitriona se\u00f1or Francisco Colicigno, el Presidente el Rotary Club don V\u00edctor Solmi, el Comisario de Polic\u00eda Mansueto Locatelli, el Sub Prefecto Mar\u00edtimo Bernardo Hidalgo, el representante de Agua y Energ\u00eda El\u00e9ctrica, el representante del Club Am\u00e9rica, el se\u00f1or Carmelo Corvino, don C\u00e1ndido Amatriain, Anibal Bertol, Clemente Ansaloni, Luis S. Alonso, Santiago Juan Thove, Ermelindo Laserna, Juan Pepe, Juan Benito Cajide, Weyler Luchessi, Oscar Delbene, Dino Enzo Dugini y Egidio Bernascni, que lograron el objetivo de crear una Comisi\u00f3n que deb\u00eda encargarse de realizar el emprendimiento mencionado, con fecha 9 DE AGOSTO DE 1959, que debe ser gratamente recordada, por tratarse de una instituci\u00f3n que se introdujo muy hondo en el coraz\u00f3n de la poblaci\u00f3n toda.<\/p>\n<p>No podr\u00eda dejar de mencionar a los primeros integrantes de esa Comisi\u00f3n, para honrarlos con el recuerdo de todos los sampedrinos y el sentimiento orgulloso de sus descendientes. Fue designado Presidente Honorario el Intendente Municipal Rolando Gonz\u00e1lez y Presidente ejecutivo al se\u00f1or V\u00edctor Solmi, Vicepresidente C\u00e1ndido Amatriain, Secretario Dr, Rub\u00e9n Liljesthron, Pro Secretario Claudio M. Rodr\u00edguez, Tesorero Juan Ansaloni, Pro Tesorero Luis Alonso, Vocales Titulares Ram\u00f3n Rosa (h), Benito Otero, An\u00edbal Bertol y Carmelo Corvino; Vocales Suplentes Armando Pochol\u00fa, Bernardo Hidalgo, Daniel Par\u00eds y Juan Pepe; como Revisores de Cuentas Ram\u00f3n Mases y Pascual Santachita, que tuvieron la misi\u00f3n de encontrar una sede provisoria para la Instituci\u00f3n, que comenz\u00f3 a funcionar inicialmente en el local de Aguas Corrientes, donde contaron con un acoplado de riego municipal, una bomba y un tractor con acoplado para el transporte del personal. Por su parte la Direcci\u00f3n General de Granos cedi\u00f3 una motobomba y para el llamado a los voluntarios se resolvi\u00f3 hacerlo por intermedio de la Comisar\u00eda Local.<\/p>\n<p>Todo ese esfuerzo inicial fue acompa\u00f1ado por el Cuerpo Activo bajo la coordinaci\u00f3n de Virgilio L. Grimoldi y del sub coordinador Gilberto Mu\u00f1oz, siendo Pitoneros Ram\u00f3n Iglesias y Pedro Fontela y Bomberos Ra\u00fal A. Rocca, Oscar Jaime, Constantino Gul\u00edas, Rub\u00e9n Mill\u00e1n y Enea Mozzi; como Choferes se incorporaron Abelardo Vallejos y Alberto Olivero; Mec\u00e1nico fue designado Alberto J. Torrillo; Electricista se design\u00f3 a Rodolfo J. Mart\u00ednez, y como enfermero a Juan Bautista Cucit.<\/p>\n<p>Esta breve cr\u00f3nica pretende informar el importante nacimiento de esta entidad, ejemplo de esp\u00edritu solidario acompa\u00f1ada por un accionar digno del mejor ejemplo, por eso difundimos sus nombres para que la poblaci\u00f3n urbana y de la campa\u00f1a no olvide, que en la fecha que se menciona, fueron quienes dieron el punta pi\u00e9 inicial de una instituci\u00f3n de la que nos sentirnos orgullosos por el prestigio que goza y su permanente presencia en cualquiera de los siniestros que lamentablemente ocurren tanto en la ciudad, ruta o incendios rurales, a los que asisten con ejemplar abnegaci\u00f3n y trabajo.<br \/>\nSu actividad realizada con moderno equipamiento constantemente renovado, merece nuestro mejor reconocimiento, que lo recibe p\u00fablicamente en cada acto patri\u00f3tico del que participa, como prueba de su meritorio accionar calurosamente aplaudido.<\/p>\n<p>Lic. Am\u00e9rico E. Piccagli<\/p>\n<div data-carousel-extra='{&quot;blog_id&quot;:1,&quot;permalink&quot;:&quot;https:\/\/eldiariodesanpedro.com.ar\/sitio\/el-cuerpo-de-bomberos-voluntarios-celebran-59-anos-de-vida\/&quot;}' id='gallery-1' class='gallery galleryid-38006 gallery-columns-3 gallery-size-medium'><figure class='gallery-item'>\n\t\t\t<div class='gallery-icon landscape'>\n\t\t\t\t<a href='https:\/\/eldiariodesanpedro.com.ar\/sitio\/wp-content\/uploads\/2018\/08\/36904497_1733937800038893_8162515870657019904_n.jpg'><img decoding=\"async\" width=\"300\" height=\"200\" data-src=\"https:\/\/eldiariodesanpedro.com.ar\/sitio\/wp-content\/uploads\/2018\/08\/36904497_1733937800038893_8162515870657019904_n-300x200.jpg\" class=\"attachment-medium size-medium lazyload\" alt=\"El Diario de San Pedro | Noticias locales y regionales\" data-srcset=\"https:\/\/eldiariodesanpedro.com.ar\/sitio\/wp-content\/uploads\/2018\/08\/36904497_1733937800038893_8162515870657019904_n-300x200.jpg 300w, https:\/\/eldiariodesanpedro.com.ar\/sitio\/wp-content\/uploads\/2018\/08\/36904497_1733937800038893_8162515870657019904_n-768x512.jpg 768w, https:\/\/eldiariodesanpedro.com.ar\/sitio\/wp-content\/uploads\/2018\/08\/36904497_1733937800038893_8162515870657019904_n.jpg 960w\" data-sizes=\"(max-width: 300px) 100vw, 300px\" data-attachment-id=\"38015\" data-permalink=\"https:\/\/eldiariodesanpedro.com.ar\/sitio\/el-cuerpo-de-bomberos-voluntarios-celebran-59-anos-de-vida\/36904497_1733937800038893_8162515870657019904_n\/\" data-orig-file=\"https:\/\/eldiariodesanpedro.com.ar\/sitio\/wp-content\/uploads\/2018\/08\/36904497_1733937800038893_8162515870657019904_n.jpg\" data-orig-size=\"960,640\" data-comments-opened=\"1\" data-image-meta=\"{&quot;aperture&quot;:&quot;0&quot;,&quot;credit&quot;:&quot;&quot;,&quot;camera&quot;:&quot;&quot;,&quot;caption&quot;:&quot;&quot;,&quot;created_timestamp&quot;:&quot;0&quot;,&quot;copyright&quot;:&quot;&quot;,&quot;focal_length&quot;:&quot;0&quot;,&quot;iso&quot;:&quot;0&quot;,&quot;shutter_speed&quot;:&quot;0&quot;,&quot;title&quot;:&quot;&quot;,&quot;orientation&quot;:&quot;0&quot;}\" data-image-title=\"36904497_1733937800038893_8162515870657019904_n\" data-image-description=\"\" data-image-caption=\"\" data-large-file=\"https:\/\/eldiariodesanpedro.com.ar\/sitio\/wp-content\/uploads\/2018\/08\/36904497_1733937800038893_8162515870657019904_n.jpg\" src=\"data:image\/svg+xml;base64,PHN2ZyB3aWR0aD0iMSIgaGVpZ2h0PSIxIiB4bWxucz0iaHR0cDovL3d3dy53My5vcmcvMjAwMC9zdmciPjwvc3ZnPg==\" style=\"--smush-placeholder-width: 300px; --smush-placeholder-aspect-ratio: 300\/200;\" \/><\/a>\n\t\t\t<\/div><\/figure><figure class='gallery-item'>\n\t\t\t<div class='gallery-icon landscape'>\n\t\t\t\t<a href='https:\/\/eldiariodesanpedro.com.ar\/sitio\/wp-content\/uploads\/2018\/08\/18893039_1324153951017282_2311045177345263962_n.jpg'><img decoding=\"async\" width=\"300\" height=\"169\" data-src=\"https:\/\/eldiariodesanpedro.com.ar\/sitio\/wp-content\/uploads\/2018\/08\/18893039_1324153951017282_2311045177345263962_n-300x169.jpg\" class=\"attachment-medium size-medium lazyload\" alt=\"El Diario de San Pedro | Noticias locales y regionales\" data-srcset=\"https:\/\/eldiariodesanpedro.com.ar\/sitio\/wp-content\/uploads\/2018\/08\/18893039_1324153951017282_2311045177345263962_n-300x169.jpg 300w, https:\/\/eldiariodesanpedro.com.ar\/sitio\/wp-content\/uploads\/2018\/08\/18893039_1324153951017282_2311045177345263962_n-768x432.jpg 768w, https:\/\/eldiariodesanpedro.com.ar\/sitio\/wp-content\/uploads\/2018\/08\/18893039_1324153951017282_2311045177345263962_n.jpg 960w\" data-sizes=\"(max-width: 300px) 100vw, 300px\" data-attachment-id=\"38011\" data-permalink=\"https:\/\/eldiariodesanpedro.com.ar\/sitio\/el-cuerpo-de-bomberos-voluntarios-celebran-59-anos-de-vida\/18893039_1324153951017282_2311045177345263962_n\/\" data-orig-file=\"https:\/\/eldiariodesanpedro.com.ar\/sitio\/wp-content\/uploads\/2018\/08\/18893039_1324153951017282_2311045177345263962_n.jpg\" data-orig-size=\"960,540\" data-comments-opened=\"1\" data-image-meta=\"{&quot;aperture&quot;:&quot;0&quot;,&quot;credit&quot;:&quot;&quot;,&quot;camera&quot;:&quot;&quot;,&quot;caption&quot;:&quot;&quot;,&quot;created_timestamp&quot;:&quot;0&quot;,&quot;copyright&quot;:&quot;&quot;,&quot;focal_length&quot;:&quot;0&quot;,&quot;iso&quot;:&quot;0&quot;,&quot;shutter_speed&quot;:&quot;0&quot;,&quot;title&quot;:&quot;&quot;,&quot;orientation&quot;:&quot;0&quot;}\" data-image-title=\"18893039_1324153951017282_2311045177345263962_n\" data-image-description=\"\" data-image-caption=\"\" data-large-file=\"https:\/\/eldiariodesanpedro.com.ar\/sitio\/wp-content\/uploads\/2018\/08\/18893039_1324153951017282_2311045177345263962_n.jpg\" src=\"data:image\/svg+xml;base64,PHN2ZyB3aWR0aD0iMSIgaGVpZ2h0PSIxIiB4bWxucz0iaHR0cDovL3d3dy53My5vcmcvMjAwMC9zdmciPjwvc3ZnPg==\" style=\"--smush-placeholder-width: 300px; --smush-placeholder-aspect-ratio: 300\/169;\" \/><\/a>\n\t\t\t<\/div><\/figure><figure class='gallery-item'>\n\t\t\t<div class='gallery-icon landscape'>\n\t\t\t\t<a href='https:\/\/eldiariodesanpedro.com.ar\/sitio\/wp-content\/uploads\/2018\/08\/11537712_791269980972351_648264163037446526_n.jpg'><img decoding=\"async\" width=\"300\" height=\"200\" data-src=\"https:\/\/eldiariodesanpedro.com.ar\/sitio\/wp-content\/uploads\/2018\/08\/11537712_791269980972351_648264163037446526_n-300x200.jpg\" class=\"attachment-medium size-medium lazyload\" alt=\"El Diario de San Pedro | Noticias locales y regionales\" data-srcset=\"https:\/\/eldiariodesanpedro.com.ar\/sitio\/wp-content\/uploads\/2018\/08\/11537712_791269980972351_648264163037446526_n-300x200.jpg 300w, https:\/\/eldiariodesanpedro.com.ar\/sitio\/wp-content\/uploads\/2018\/08\/11537712_791269980972351_648264163037446526_n-768x512.jpg 768w, https:\/\/eldiariodesanpedro.com.ar\/sitio\/wp-content\/uploads\/2018\/08\/11537712_791269980972351_648264163037446526_n.jpg 900w\" data-sizes=\"(max-width: 300px) 100vw, 300px\" data-attachment-id=\"38009\" data-permalink=\"https:\/\/eldiariodesanpedro.com.ar\/sitio\/el-cuerpo-de-bomberos-voluntarios-celebran-59-anos-de-vida\/11537712_791269980972351_648264163037446526_n\/\" data-orig-file=\"https:\/\/eldiariodesanpedro.com.ar\/sitio\/wp-content\/uploads\/2018\/08\/11537712_791269980972351_648264163037446526_n.jpg\" data-orig-size=\"900,600\" data-comments-opened=\"1\" data-image-meta=\"{&quot;aperture&quot;:&quot;0&quot;,&quot;credit&quot;:&quot;&quot;,&quot;camera&quot;:&quot;&quot;,&quot;caption&quot;:&quot;&quot;,&quot;created_timestamp&quot;:&quot;0&quot;,&quot;copyright&quot;:&quot;&quot;,&quot;focal_length&quot;:&quot;0&quot;,&quot;iso&quot;:&quot;0&quot;,&quot;shutter_speed&quot;:&quot;0&quot;,&quot;title&quot;:&quot;&quot;,&quot;orientation&quot;:&quot;0&quot;}\" data-image-title=\"11537712_791269980972351_648264163037446526_n\" data-image-description=\"\" data-image-caption=\"\" data-large-file=\"https:\/\/eldiariodesanpedro.com.ar\/sitio\/wp-content\/uploads\/2018\/08\/11537712_791269980972351_648264163037446526_n.jpg\" src=\"data:image\/svg+xml;base64,PHN2ZyB3aWR0aD0iMSIgaGVpZ2h0PSIxIiB4bWxucz0iaHR0cDovL3d3dy53My5vcmcvMjAwMC9zdmciPjwvc3ZnPg==\" style=\"--smush-placeholder-width: 300px; --smush-placeholder-aspect-ratio: 300\/200;\" \/><\/a>\n\t\t\t<\/div><\/figure><figure class='gallery-item'>\n\t\t\t<div class='gallery-icon landscape'>\n\t\t\t\t<a href='https:\/\/eldiariodesanpedro.com.ar\/sitio\/wp-content\/uploads\/2018\/08\/11391292_788353771263972_1619054871288471858_n.jpg'><img decoding=\"async\" width=\"300\" height=\"224\" data-src=\"https:\/\/eldiariodesanpedro.com.ar\/sitio\/wp-content\/uploads\/2018\/08\/11391292_788353771263972_1619054871288471858_n-300x224.jpg\" class=\"attachment-medium size-medium lazyload\" alt=\"El Diario de San Pedro | Noticias locales y regionales\" data-srcset=\"https:\/\/eldiariodesanpedro.com.ar\/sitio\/wp-content\/uploads\/2018\/08\/11391292_788353771263972_1619054871288471858_n-300x224.jpg 300w, https:\/\/eldiariodesanpedro.com.ar\/sitio\/wp-content\/uploads\/2018\/08\/11391292_788353771263972_1619054871288471858_n.jpg 660w\" data-sizes=\"(max-width: 300px) 100vw, 300px\" data-attachment-id=\"38008\" data-permalink=\"https:\/\/eldiariodesanpedro.com.ar\/sitio\/el-cuerpo-de-bomberos-voluntarios-celebran-59-anos-de-vida\/11391292_788353771263972_1619054871288471858_n\/\" data-orig-file=\"https:\/\/eldiariodesanpedro.com.ar\/sitio\/wp-content\/uploads\/2018\/08\/11391292_788353771263972_1619054871288471858_n.jpg\" data-orig-size=\"660,492\" data-comments-opened=\"1\" data-image-meta=\"{&quot;aperture&quot;:&quot;0&quot;,&quot;credit&quot;:&quot;&quot;,&quot;camera&quot;:&quot;&quot;,&quot;caption&quot;:&quot;&quot;,&quot;created_timestamp&quot;:&quot;0&quot;,&quot;copyright&quot;:&quot;&quot;,&quot;focal_length&quot;:&quot;0&quot;,&quot;iso&quot;:&quot;0&quot;,&quot;shutter_speed&quot;:&quot;0&quot;,&quot;title&quot;:&quot;&quot;,&quot;orientation&quot;:&quot;0&quot;}\" data-image-title=\"11391292_788353771263972_1619054871288471858_n\" data-image-description=\"\" data-image-caption=\"\" data-large-file=\"https:\/\/eldiariodesanpedro.com.ar\/sitio\/wp-content\/uploads\/2018\/08\/11391292_788353771263972_1619054871288471858_n.jpg\" src=\"data:image\/svg+xml;base64,PHN2ZyB3aWR0aD0iMSIgaGVpZ2h0PSIxIiB4bWxucz0iaHR0cDovL3d3dy53My5vcmcvMjAwMC9zdmciPjwvc3ZnPg==\" style=\"--smush-placeholder-width: 300px; --smush-placeholder-aspect-ratio: 300\/224;\" \/><\/a>\n\t\t\t<\/div><\/figure><figure class='gallery-item'>\n\t\t\t<div class='gallery-icon landscape'>\n\t\t\t\t<a href='https:\/\/eldiariodesanpedro.com.ar\/sitio\/wp-content\/uploads\/2018\/08\/11037344_768375486595134_2287138211782936960_n.jpg'><img decoding=\"async\" width=\"300\" height=\"200\" data-src=\"https:\/\/eldiariodesanpedro.com.ar\/sitio\/wp-content\/uploads\/2018\/08\/11037344_768375486595134_2287138211782936960_n-300x200.jpg\" class=\"attachment-medium size-medium lazyload\" alt=\"El Diario de San Pedro | Noticias locales y regionales\" data-srcset=\"https:\/\/eldiariodesanpedro.com.ar\/sitio\/wp-content\/uploads\/2018\/08\/11037344_768375486595134_2287138211782936960_n-300x200.jpg 300w, https:\/\/eldiariodesanpedro.com.ar\/sitio\/wp-content\/uploads\/2018\/08\/11037344_768375486595134_2287138211782936960_n-768x512.jpg 768w, https:\/\/eldiariodesanpedro.com.ar\/sitio\/wp-content\/uploads\/2018\/08\/11037344_768375486595134_2287138211782936960_n.jpg 900w\" data-sizes=\"(max-width: 300px) 100vw, 300px\" data-attachment-id=\"38007\" data-permalink=\"https:\/\/eldiariodesanpedro.com.ar\/sitio\/el-cuerpo-de-bomberos-voluntarios-celebran-59-anos-de-vida\/11037344_768375486595134_2287138211782936960_n\/\" data-orig-file=\"https:\/\/eldiariodesanpedro.com.ar\/sitio\/wp-content\/uploads\/2018\/08\/11037344_768375486595134_2287138211782936960_n.jpg\" data-orig-size=\"900,600\" data-comments-opened=\"1\" data-image-meta=\"{&quot;aperture&quot;:&quot;0&quot;,&quot;credit&quot;:&quot;&quot;,&quot;camera&quot;:&quot;&quot;,&quot;caption&quot;:&quot;&quot;,&quot;created_timestamp&quot;:&quot;0&quot;,&quot;copyright&quot;:&quot;&quot;,&quot;focal_length&quot;:&quot;0&quot;,&quot;iso&quot;:&quot;0&quot;,&quot;shutter_speed&quot;:&quot;0&quot;,&quot;title&quot;:&quot;&quot;,&quot;orientation&quot;:&quot;0&quot;}\" data-image-title=\"11037344_768375486595134_2287138211782936960_n\" data-image-description=\"\" data-image-caption=\"\" data-large-file=\"https:\/\/eldiariodesanpedro.com.ar\/sitio\/wp-content\/uploads\/2018\/08\/11037344_768375486595134_2287138211782936960_n.jpg\" src=\"data:image\/svg+xml;base64,PHN2ZyB3aWR0aD0iMSIgaGVpZ2h0PSIxIiB4bWxucz0iaHR0cDovL3d3dy53My5vcmcvMjAwMC9zdmciPjwvc3ZnPg==\" style=\"--smush-placeholder-width: 300px; --smush-placeholder-aspect-ratio: 300\/200;\" \/><\/a>\n\t\t\t<\/div><\/figure><figure class='gallery-item'>\n\t\t\t<div class='gallery-icon landscape'>\n\t\t\t\t<a href='https:\/\/eldiariodesanpedro.com.ar\/sitio\/wp-content\/uploads\/2018\/08\/26731114_1541125662653442_1293991026182587397_n.jpg'><img decoding=\"async\" width=\"300\" height=\"225\" data-src=\"https:\/\/eldiariodesanpedro.com.ar\/sitio\/wp-content\/uploads\/2018\/08\/26731114_1541125662653442_1293991026182587397_n-300x225.jpg\" class=\"attachment-medium size-medium lazyload\" alt=\"El Diario de San Pedro | Noticias locales y regionales\" data-srcset=\"https:\/\/eldiariodesanpedro.com.ar\/sitio\/wp-content\/uploads\/2018\/08\/26731114_1541125662653442_1293991026182587397_n-300x225.jpg 300w, https:\/\/eldiariodesanpedro.com.ar\/sitio\/wp-content\/uploads\/2018\/08\/26731114_1541125662653442_1293991026182587397_n-768x576.jpg 768w, https:\/\/eldiariodesanpedro.com.ar\/sitio\/wp-content\/uploads\/2018\/08\/26731114_1541125662653442_1293991026182587397_n.jpg 960w\" data-sizes=\"(max-width: 300px) 100vw, 300px\" data-attachment-id=\"38013\" data-permalink=\"https:\/\/eldiariodesanpedro.com.ar\/sitio\/el-cuerpo-de-bomberos-voluntarios-celebran-59-anos-de-vida\/26731114_1541125662653442_1293991026182587397_n\/\" data-orig-file=\"https:\/\/eldiariodesanpedro.com.ar\/sitio\/wp-content\/uploads\/2018\/08\/26731114_1541125662653442_1293991026182587397_n.jpg\" data-orig-size=\"960,720\" data-comments-opened=\"1\" data-image-meta=\"{&quot;aperture&quot;:&quot;0&quot;,&quot;credit&quot;:&quot;&quot;,&quot;camera&quot;:&quot;&quot;,&quot;caption&quot;:&quot;&quot;,&quot;created_timestamp&quot;:&quot;0&quot;,&quot;copyright&quot;:&quot;&quot;,&quot;focal_length&quot;:&quot;0&quot;,&quot;iso&quot;:&quot;0&quot;,&quot;shutter_speed&quot;:&quot;0&quot;,&quot;title&quot;:&quot;&quot;,&quot;orientation&quot;:&quot;0&quot;}\" data-image-title=\"26731114_1541125662653442_1293991026182587397_n\" data-image-description=\"\" data-image-caption=\"\" data-large-file=\"https:\/\/eldiariodesanpedro.com.ar\/sitio\/wp-content\/uploads\/2018\/08\/26731114_1541125662653442_1293991026182587397_n.jpg\" src=\"data:image\/svg+xml;base64,PHN2ZyB3aWR0aD0iMSIgaGVpZ2h0PSIxIiB4bWxucz0iaHR0cDovL3d3dy53My5vcmcvMjAwMC9zdmciPjwvc3ZnPg==\" style=\"--smush-placeholder-width: 300px; --smush-placeholder-aspect-ratio: 300\/225;\" \/><\/a>\n\t\t\t<\/div><\/figure><figure class='gallery-item'>\n\t\t\t<div class='gallery-icon landscape'>\n\t\t\t\t<a href='https:\/\/eldiariodesanpedro.com.ar\/sitio\/wp-content\/uploads\/2018\/08\/25299167_703202653222210_8192893582229039805_n.jpg'><img decoding=\"async\" width=\"300\" height=\"200\" data-src=\"https:\/\/eldiariodesanpedro.com.ar\/sitio\/wp-content\/uploads\/2018\/08\/25299167_703202653222210_8192893582229039805_n-300x200.jpg\" class=\"attachment-medium size-medium lazyload\" alt=\"El Diario de San Pedro | Noticias locales y regionales\" data-srcset=\"https:\/\/eldiariodesanpedro.com.ar\/sitio\/wp-content\/uploads\/2018\/08\/25299167_703202653222210_8192893582229039805_n-300x200.jpg 300w, https:\/\/eldiariodesanpedro.com.ar\/sitio\/wp-content\/uploads\/2018\/08\/25299167_703202653222210_8192893582229039805_n-768x512.jpg 768w, https:\/\/eldiariodesanpedro.com.ar\/sitio\/wp-content\/uploads\/2018\/08\/25299167_703202653222210_8192893582229039805_n.jpg 960w\" data-sizes=\"(max-width: 300px) 100vw, 300px\" data-attachment-id=\"38018\" data-permalink=\"https:\/\/eldiariodesanpedro.com.ar\/sitio\/el-cuerpo-de-bomberos-voluntarios-celebran-59-anos-de-vida\/25299167_703202653222210_8192893582229039805_n\/\" data-orig-file=\"https:\/\/eldiariodesanpedro.com.ar\/sitio\/wp-content\/uploads\/2018\/08\/25299167_703202653222210_8192893582229039805_n.jpg\" data-orig-size=\"960,640\" data-comments-opened=\"1\" data-image-meta=\"{&quot;aperture&quot;:&quot;0&quot;,&quot;credit&quot;:&quot;&quot;,&quot;camera&quot;:&quot;&quot;,&quot;caption&quot;:&quot;&quot;,&quot;created_timestamp&quot;:&quot;0&quot;,&quot;copyright&quot;:&quot;&quot;,&quot;focal_length&quot;:&quot;0&quot;,&quot;iso&quot;:&quot;0&quot;,&quot;shutter_speed&quot;:&quot;0&quot;,&quot;title&quot;:&quot;&quot;,&quot;orientation&quot;:&quot;0&quot;}\" data-image-title=\"25299167_703202653222210_8192893582229039805_n\" data-image-description=\"\" data-image-caption=\"\" data-large-file=\"https:\/\/eldiariodesanpedro.com.ar\/sitio\/wp-content\/uploads\/2018\/08\/25299167_703202653222210_8192893582229039805_n.jpg\" src=\"data:image\/svg+xml;base64,PHN2ZyB3aWR0aD0iMSIgaGVpZ2h0PSIxIiB4bWxucz0iaHR0cDovL3d3dy53My5vcmcvMjAwMC9zdmciPjwvc3ZnPg==\" style=\"--smush-placeholder-width: 300px; --smush-placeholder-aspect-ratio: 300\/200;\" \/><\/a>\n\t\t\t<\/div><\/figure><figure class='gallery-item'>\n\t\t\t<div class='gallery-icon landscape'>\n\t\t\t\t<a href='https:\/\/eldiariodesanpedro.com.ar\/sitio\/wp-content\/uploads\/2018\/08\/36875946_1733937450038928_9057000139272486912_n.jpg'><img decoding=\"async\" width=\"300\" height=\"200\" data-src=\"https:\/\/eldiariodesanpedro.com.ar\/sitio\/wp-content\/uploads\/2018\/08\/36875946_1733937450038928_9057000139272486912_n-300x200.jpg\" class=\"attachment-medium size-medium lazyload\" alt=\"El Diario de San Pedro | Noticias locales y regionales\" data-srcset=\"https:\/\/eldiariodesanpedro.com.ar\/sitio\/wp-content\/uploads\/2018\/08\/36875946_1733937450038928_9057000139272486912_n-300x200.jpg 300w, https:\/\/eldiariodesanpedro.com.ar\/sitio\/wp-content\/uploads\/2018\/08\/36875946_1733937450038928_9057000139272486912_n-768x512.jpg 768w, https:\/\/eldiariodesanpedro.com.ar\/sitio\/wp-content\/uploads\/2018\/08\/36875946_1733937450038928_9057000139272486912_n.jpg 960w\" data-sizes=\"(max-width: 300px) 100vw, 300px\" data-attachment-id=\"38014\" data-permalink=\"https:\/\/eldiariodesanpedro.com.ar\/sitio\/el-cuerpo-de-bomberos-voluntarios-celebran-59-anos-de-vida\/36875946_1733937450038928_9057000139272486912_n\/\" data-orig-file=\"https:\/\/eldiariodesanpedro.com.ar\/sitio\/wp-content\/uploads\/2018\/08\/36875946_1733937450038928_9057000139272486912_n.jpg\" data-orig-size=\"960,640\" data-comments-opened=\"1\" data-image-meta=\"{&quot;aperture&quot;:&quot;0&quot;,&quot;credit&quot;:&quot;&quot;,&quot;camera&quot;:&quot;&quot;,&quot;caption&quot;:&quot;&quot;,&quot;created_timestamp&quot;:&quot;0&quot;,&quot;copyright&quot;:&quot;&quot;,&quot;focal_length&quot;:&quot;0&quot;,&quot;iso&quot;:&quot;0&quot;,&quot;shutter_speed&quot;:&quot;0&quot;,&quot;title&quot;:&quot;&quot;,&quot;orientation&quot;:&quot;0&quot;}\" data-image-title=\"36875946_1733937450038928_9057000139272486912_n\" data-image-description=\"\" data-image-caption=\"\" data-large-file=\"https:\/\/eldiariodesanpedro.com.ar\/sitio\/wp-content\/uploads\/2018\/08\/36875946_1733937450038928_9057000139272486912_n.jpg\" src=\"data:image\/svg+xml;base64,PHN2ZyB3aWR0aD0iMSIgaGVpZ2h0PSIxIiB4bWxucz0iaHR0cDovL3d3dy53My5vcmcvMjAwMC9zdmciPjwvc3ZnPg==\" style=\"--smush-placeholder-width: 300px; --smush-placeholder-aspect-ratio: 300\/200;\" \/><\/a>\n\t\t\t<\/div><\/figure><figure class='gallery-item'>\n\t\t\t<div class='gallery-icon landscape'>\n\t\t\t\t<a href='https:\/\/eldiariodesanpedro.com.ar\/sitio\/wp-content\/uploads\/2018\/08\/36943749_1733937563372250_4364483403270062080_n.jpg'><img decoding=\"async\" width=\"300\" height=\"200\" data-src=\"https:\/\/eldiariodesanpedro.com.ar\/sitio\/wp-content\/uploads\/2018\/08\/36943749_1733937563372250_4364483403270062080_n-300x200.jpg\" class=\"attachment-medium size-medium lazyload\" alt=\"El Diario de San Pedro | Noticias locales y regionales\" data-srcset=\"https:\/\/eldiariodesanpedro.com.ar\/sitio\/wp-content\/uploads\/2018\/08\/36943749_1733937563372250_4364483403270062080_n-300x200.jpg 300w, https:\/\/eldiariodesanpedro.com.ar\/sitio\/wp-content\/uploads\/2018\/08\/36943749_1733937563372250_4364483403270062080_n-768x512.jpg 768w, https:\/\/eldiariodesanpedro.com.ar\/sitio\/wp-content\/uploads\/2018\/08\/36943749_1733937563372250_4364483403270062080_n.jpg 960w\" data-sizes=\"(max-width: 300px) 100vw, 300px\" data-attachment-id=\"38017\" data-permalink=\"https:\/\/eldiariodesanpedro.com.ar\/sitio\/el-cuerpo-de-bomberos-voluntarios-celebran-59-anos-de-vida\/36943749_1733937563372250_4364483403270062080_n\/\" data-orig-file=\"https:\/\/eldiariodesanpedro.com.ar\/sitio\/wp-content\/uploads\/2018\/08\/36943749_1733937563372250_4364483403270062080_n.jpg\" data-orig-size=\"960,640\" data-comments-opened=\"1\" data-image-meta=\"{&quot;aperture&quot;:&quot;0&quot;,&quot;credit&quot;:&quot;&quot;,&quot;camera&quot;:&quot;&quot;,&quot;caption&quot;:&quot;&quot;,&quot;created_timestamp&quot;:&quot;0&quot;,&quot;copyright&quot;:&quot;&quot;,&quot;focal_length&quot;:&quot;0&quot;,&quot;iso&quot;:&quot;0&quot;,&quot;shutter_speed&quot;:&quot;0&quot;,&quot;title&quot;:&quot;&quot;,&quot;orientation&quot;:&quot;0&quot;}\" data-image-title=\"36943749_1733937563372250_4364483403270062080_n\" data-image-description=\"\" data-image-caption=\"\" data-large-file=\"https:\/\/eldiariodesanpedro.com.ar\/sitio\/wp-content\/uploads\/2018\/08\/36943749_1733937563372250_4364483403270062080_n.jpg\" src=\"data:image\/svg+xml;base64,PHN2ZyB3aWR0aD0iMSIgaGVpZ2h0PSIxIiB4bWxucz0iaHR0cDovL3d3dy53My5vcmcvMjAwMC9zdmciPjwvc3ZnPg==\" style=\"--smush-placeholder-width: 300px; --smush-placeholder-aspect-ratio: 300\/200;\" \/><\/a>\n\t\t\t<\/div><\/figure><figure class='gallery-item'>\n\t\t\t<div class='gallery-icon landscape'>\n\t\t\t\t<a href='https:\/\/eldiariodesanpedro.com.ar\/sitio\/wp-content\/uploads\/2018\/08\/15542240_1148738675225478_6563875545858277598_n.jpg'><img decoding=\"async\" width=\"300\" height=\"225\" data-src=\"https:\/\/eldiariodesanpedro.com.ar\/sitio\/wp-content\/uploads\/2018\/08\/15542240_1148738675225478_6563875545858277598_n-300x225.jpg\" class=\"attachment-medium size-medium lazyload\" alt=\"El Diario de San Pedro | Noticias locales y regionales\" data-srcset=\"https:\/\/eldiariodesanpedro.com.ar\/sitio\/wp-content\/uploads\/2018\/08\/15542240_1148738675225478_6563875545858277598_n-300x225.jpg 300w, https:\/\/eldiariodesanpedro.com.ar\/sitio\/wp-content\/uploads\/2018\/08\/15542240_1148738675225478_6563875545858277598_n.jpg 720w\" data-sizes=\"(max-width: 300px) 100vw, 300px\" data-attachment-id=\"38010\" data-permalink=\"https:\/\/eldiariodesanpedro.com.ar\/sitio\/el-cuerpo-de-bomberos-voluntarios-celebran-59-anos-de-vida\/15542240_1148738675225478_6563875545858277598_n\/\" data-orig-file=\"https:\/\/eldiariodesanpedro.com.ar\/sitio\/wp-content\/uploads\/2018\/08\/15542240_1148738675225478_6563875545858277598_n.jpg\" data-orig-size=\"720,540\" data-comments-opened=\"1\" data-image-meta=\"{&quot;aperture&quot;:&quot;0&quot;,&quot;credit&quot;:&quot;&quot;,&quot;camera&quot;:&quot;&quot;,&quot;caption&quot;:&quot;&quot;,&quot;created_timestamp&quot;:&quot;0&quot;,&quot;copyright&quot;:&quot;&quot;,&quot;focal_length&quot;:&quot;0&quot;,&quot;iso&quot;:&quot;0&quot;,&quot;shutter_speed&quot;:&quot;0&quot;,&quot;title&quot;:&quot;&quot;,&quot;orientation&quot;:&quot;0&quot;}\" data-image-title=\"15542240_1148738675225478_6563875545858277598_n\" data-image-description=\"\" data-image-caption=\"\" data-large-file=\"https:\/\/eldiariodesanpedro.com.ar\/sitio\/wp-content\/uploads\/2018\/08\/15542240_1148738675225478_6563875545858277598_n.jpg\" src=\"data:image\/svg+xml;base64,PHN2ZyB3aWR0aD0iMSIgaGVpZ2h0PSIxIiB4bWxucz0iaHR0cDovL3d3dy53My5vcmcvMjAwMC9zdmciPjwvc3ZnPg==\" style=\"--smush-placeholder-width: 300px; --smush-placeholder-aspect-ratio: 300\/225;\" \/><\/a>\n\t\t\t<\/div><\/figure><figure class='gallery-item'>\n\t\t\t<div class='gallery-icon landscape'>\n\t\t\t\t<a href='https:\/\/eldiariodesanpedro.com.ar\/sitio\/wp-content\/uploads\/2018\/08\/22489772_1456852211080788_1877437537118386390_n.jpg'><img decoding=\"async\" width=\"300\" height=\"169\" data-src=\"https:\/\/eldiariodesanpedro.com.ar\/sitio\/wp-content\/uploads\/2018\/08\/22489772_1456852211080788_1877437537118386390_n-300x169.jpg\" class=\"attachment-medium size-medium lazyload\" alt=\"El Diario de San Pedro | Noticias locales y regionales\" data-srcset=\"https:\/\/eldiariodesanpedro.com.ar\/sitio\/wp-content\/uploads\/2018\/08\/22489772_1456852211080788_1877437537118386390_n-300x169.jpg 300w, https:\/\/eldiariodesanpedro.com.ar\/sitio\/wp-content\/uploads\/2018\/08\/22489772_1456852211080788_1877437537118386390_n-768x432.jpg 768w, https:\/\/eldiariodesanpedro.com.ar\/sitio\/wp-content\/uploads\/2018\/08\/22489772_1456852211080788_1877437537118386390_n.jpg 960w\" data-sizes=\"(max-width: 300px) 100vw, 300px\" data-attachment-id=\"38012\" data-permalink=\"https:\/\/eldiariodesanpedro.com.ar\/sitio\/el-cuerpo-de-bomberos-voluntarios-celebran-59-anos-de-vida\/22489772_1456852211080788_1877437537118386390_n\/\" data-orig-file=\"https:\/\/eldiariodesanpedro.com.ar\/sitio\/wp-content\/uploads\/2018\/08\/22489772_1456852211080788_1877437537118386390_n.jpg\" data-orig-size=\"960,540\" data-comments-opened=\"1\" data-image-meta=\"{&quot;aperture&quot;:&quot;0&quot;,&quot;credit&quot;:&quot;&quot;,&quot;camera&quot;:&quot;&quot;,&quot;caption&quot;:&quot;&quot;,&quot;created_timestamp&quot;:&quot;0&quot;,&quot;copyright&quot;:&quot;&quot;,&quot;focal_length&quot;:&quot;0&quot;,&quot;iso&quot;:&quot;0&quot;,&quot;shutter_speed&quot;:&quot;0&quot;,&quot;title&quot;:&quot;&quot;,&quot;orientation&quot;:&quot;0&quot;}\" data-image-title=\"22489772_1456852211080788_1877437537118386390_n\" data-image-description=\"\" data-image-caption=\"\" data-large-file=\"https:\/\/eldiariodesanpedro.com.ar\/sitio\/wp-content\/uploads\/2018\/08\/22489772_1456852211080788_1877437537118386390_n.jpg\" src=\"data:image\/svg+xml;base64,PHN2ZyB3aWR0aD0iMSIgaGVpZ2h0PSIxIiB4bWxucz0iaHR0cDovL3d3dy53My5vcmcvMjAwMC9zdmciPjwvc3ZnPg==\" style=\"--smush-placeholder-width: 300px; --smush-placeholder-aspect-ratio: 300\/169;\" \/><\/a>\n\t\t\t<\/div><\/figure><figure class='gallery-item'>\n\t\t\t<div class='gallery-icon landscape'>\n\t\t\t\t<a href='https:\/\/eldiariodesanpedro.com.ar\/sitio\/wp-content\/uploads\/2018\/08\/34338859_2171045746245405_6736126982200754176_n.jpg'><img decoding=\"async\" width=\"300\" height=\"200\" data-src=\"https:\/\/eldiariodesanpedro.com.ar\/sitio\/wp-content\/uploads\/2018\/08\/34338859_2171045746245405_6736126982200754176_n-300x200.jpg\" class=\"attachment-medium size-medium lazyload\" alt=\"El Diario de San Pedro | Noticias locales y regionales\" data-srcset=\"https:\/\/eldiariodesanpedro.com.ar\/sitio\/wp-content\/uploads\/2018\/08\/34338859_2171045746245405_6736126982200754176_n-300x200.jpg 300w, https:\/\/eldiariodesanpedro.com.ar\/sitio\/wp-content\/uploads\/2018\/08\/34338859_2171045746245405_6736126982200754176_n-768x512.jpg 768w, https:\/\/eldiariodesanpedro.com.ar\/sitio\/wp-content\/uploads\/2018\/08\/34338859_2171045746245405_6736126982200754176_n.jpg 960w\" data-sizes=\"(max-width: 300px) 100vw, 300px\" data-attachment-id=\"38019\" data-permalink=\"https:\/\/eldiariodesanpedro.com.ar\/sitio\/el-cuerpo-de-bomberos-voluntarios-celebran-59-anos-de-vida\/34338859_2171045746245405_6736126982200754176_n\/\" data-orig-file=\"https:\/\/eldiariodesanpedro.com.ar\/sitio\/wp-content\/uploads\/2018\/08\/34338859_2171045746245405_6736126982200754176_n.jpg\" data-orig-size=\"960,640\" data-comments-opened=\"1\" data-image-meta=\"{&quot;aperture&quot;:&quot;0&quot;,&quot;credit&quot;:&quot;Picasa&quot;,&quot;camera&quot;:&quot;&quot;,&quot;caption&quot;:&quot;&quot;,&quot;created_timestamp&quot;:&quot;0&quot;,&quot;copyright&quot;:&quot;&quot;,&quot;focal_length&quot;:&quot;0&quot;,&quot;iso&quot;:&quot;0&quot;,&quot;shutter_speed&quot;:&quot;0&quot;,&quot;title&quot;:&quot;&quot;,&quot;orientation&quot;:&quot;0&quot;}\" data-image-title=\"34338859_2171045746245405_6736126982200754176_n\" data-image-description=\"\" data-image-caption=\"\" data-large-file=\"https:\/\/eldiariodesanpedro.com.ar\/sitio\/wp-content\/uploads\/2018\/08\/34338859_2171045746245405_6736126982200754176_n.jpg\" src=\"data:image\/svg+xml;base64,PHN2ZyB3aWR0aD0iMSIgaGVpZ2h0PSIxIiB4bWxucz0iaHR0cDovL3d3dy53My5vcmcvMjAwMC9zdmciPjwvc3ZnPg==\" style=\"--smush-placeholder-width: 300px; --smush-placeholder-aspect-ratio: 300\/200;\" \/><\/a>\n\t\t\t<\/div><\/figure><figure class='gallery-item'>\n\t\t\t<div class='gallery-icon landscape'>\n\t\t\t\t<a href='https:\/\/eldiariodesanpedro.com.ar\/sitio\/wp-content\/uploads\/2018\/08\/36913860_1733937513372255_4138717296304586752_n.jpg'><img decoding=\"async\" width=\"300\" height=\"200\" data-src=\"https:\/\/eldiariodesanpedro.com.ar\/sitio\/wp-content\/uploads\/2018\/08\/36913860_1733937513372255_4138717296304586752_n-300x200.jpg\" class=\"attachment-medium size-medium lazyload\" alt=\"El Diario de San Pedro | Noticias locales y regionales\" data-srcset=\"https:\/\/eldiariodesanpedro.com.ar\/sitio\/wp-content\/uploads\/2018\/08\/36913860_1733937513372255_4138717296304586752_n-300x200.jpg 300w, https:\/\/eldiariodesanpedro.com.ar\/sitio\/wp-content\/uploads\/2018\/08\/36913860_1733937513372255_4138717296304586752_n-768x512.jpg 768w, https:\/\/eldiariodesanpedro.com.ar\/sitio\/wp-content\/uploads\/2018\/08\/36913860_1733937513372255_4138717296304586752_n.jpg 960w\" data-sizes=\"(max-width: 300px) 100vw, 300px\" data-attachment-id=\"38016\" data-permalink=\"https:\/\/eldiariodesanpedro.com.ar\/sitio\/el-cuerpo-de-bomberos-voluntarios-celebran-59-anos-de-vida\/36913860_1733937513372255_4138717296304586752_n\/\" data-orig-file=\"https:\/\/eldiariodesanpedro.com.ar\/sitio\/wp-content\/uploads\/2018\/08\/36913860_1733937513372255_4138717296304586752_n.jpg\" data-orig-size=\"960,640\" data-comments-opened=\"1\" data-image-meta=\"{&quot;aperture&quot;:&quot;0&quot;,&quot;credit&quot;:&quot;&quot;,&quot;camera&quot;:&quot;&quot;,&quot;caption&quot;:&quot;&quot;,&quot;created_timestamp&quot;:&quot;0&quot;,&quot;copyright&quot;:&quot;&quot;,&quot;focal_length&quot;:&quot;0&quot;,&quot;iso&quot;:&quot;0&quot;,&quot;shutter_speed&quot;:&quot;0&quot;,&quot;title&quot;:&quot;&quot;,&quot;orientation&quot;:&quot;0&quot;}\" data-image-title=\"36913860_1733937513372255_4138717296304586752_n\" data-image-description=\"\" data-image-caption=\"\" data-large-file=\"https:\/\/eldiariodesanpedro.com.ar\/sitio\/wp-content\/uploads\/2018\/08\/36913860_1733937513372255_4138717296304586752_n.jpg\" src=\"data:image\/svg+xml;base64,PHN2ZyB3aWR0aD0iMSIgaGVpZ2h0PSIxIiB4bWxucz0iaHR0cDovL3d3dy53My5vcmcvMjAwMC9zdmciPjwvc3ZnPg==\" style=\"--smush-placeholder-width: 300px; --smush-placeholder-aspect-ratio: 300\/200;\" \/><\/a>\n\t\t\t<\/div><\/figure>\n\t\t<\/div>\n\n","protected":false},"excerpt":{"rendered":"<p>El cuerpo de voluntarios celebra un nuevo Aniversario. El s\u00e1bado se desarrollar\u00e1 el acto oficial a las 11 horas en el cuartel central. La verdadera y sana moral pol\u00edtica de un pueblo organizado como trat\u00f3 de serlo el nuestro, aspir\u00f3 desde sus inicios a resolver los problemas que fueron surgiendo a lo largo de su [&hellip;]<\/p>\n","protected":false},"author":4,"featured_media":38019,"comment_status":"open","ping_status":"closed","sticky":false,"template":"","format":"standard","meta":{"om_disable_all_campaigns":false,"_jetpack_memberships_contains_paid_content":false,"footnotes":""},"categories":[50,101,2],"tags":[],"class_list":["post-38006","post","type-post","status-publish","format-standard","has-post-thumbnail","hentry","category-destacadas","category-interes-general-locales","category-locales"],"aioseo_notices":[],"gutentor_comment":0,"jetpack_featured_media_url":"https:\/\/eldiariodesanpedro.com.ar\/sitio\/wp-content\/uploads\/2018\/08\/34338859_2171045746245405_6736126982200754176_n.jpg","jetpack_shortlink":"https:\/\/wp.me\/p6RhLt-9T0","jetpack_sharing_enabled":true,"_links":{"self":[{"href":"https:\/\/eldiariodesanpedro.com.ar\/sitio\/wp-json\/wp\/v2\/posts\/38006","targetHints":{"allow":["GET"]}}],"collection":[{"href":"https:\/\/eldiariodesanpedro.com.ar\/sitio\/wp-json\/wp\/v2\/posts"}],"about":[{"href":"https:\/\/eldiariodesanpedro.com.ar\/sitio\/wp-json\/wp\/v2\/types\/post"}],"author":[{"embeddable":true,"href":"https:\/\/eldiariodesanpedro.com.ar\/sitio\/wp-json\/wp\/v2\/users\/4"}],"replies":[{"embeddable":true,"href":"https:\/\/eldiariodesanpedro.com.ar\/sitio\/wp-json\/wp\/v2\/comments?post=38006"}],"version-history":[{"count":1,"href":"https:\/\/eldiariodesanpedro.com.ar\/sitio\/wp-json\/wp\/v2\/posts\/38006\/revisions"}],"predecessor-version":[{"id":38020,"href":"https:\/\/eldiariodesanpedro.com.ar\/sitio\/wp-json\/wp\/v2\/posts\/38006\/revisions\/38020"}],"wp:featuredmedia":[{"embeddable":true,"href":"https:\/\/eldiariodesanpedro.com.ar\/sitio\/wp-json\/wp\/v2\/media\/38019"}],"wp:attachment":[{"href":"https:\/\/eldiariodesanpedro.com.ar\/sitio\/wp-json\/wp\/v2\/media?parent=38006"}],"wp:term":[{"taxonomy":"category","embeddable":true,"href":"https:\/\/eldiariodesanpedro.com.ar\/sitio\/wp-json\/wp\/v2\/categories?post=38006"},{"taxonomy":"post_tag","embeddable":true,"href":"https:\/\/eldiariodesanpedro.com.ar\/sitio\/wp-json\/wp\/v2\/tags?post=38006"}],"curies":[{"name":"wp","href":"https:\/\/api.w.org\/{rel}","templated":true}]}}