{"id":38004,"date":"2018-08-09T09:32:35","date_gmt":"2018-08-09T12:32:35","guid":{"rendered":"https:\/\/eldiariodesanpedro.com.ar\/sitio\/?p=38004"},"modified":"2018-08-09T09:32:35","modified_gmt":"2018-08-09T12:32:35","slug":"un-nino-fue-embestido-por-un-automovil-al-cruzar-la-calle-en-pleno-centro","status":"publish","type":"post","link":"https:\/\/eldiariodesanpedro.com.ar\/sitio\/un-nino-fue-embestido-por-un-automovil-al-cruzar-la-calle-en-pleno-centro\/","title":{"rendered":"Un ni\u00f1o fue embestido por un autom\u00f3vil al cruzar la calle en pleno centro"},"content":{"rendered":"<p><!-- VideographyWP Plugin Message: Automatic video embedding prevented by plugin options. --><br \/>\nAlrededor de las 18:30hs del mi\u00e9rcoles, un ni\u00f1o de 5 a\u00f1os de edad intentaba cruzar la calle en intersecci\u00f3n de Mitre y Las Heras cuando fue embestido por un auto marca Toyota Etios que era conducido por un hombre mayor de 56.<\/p>\n<p>El menor fue trasladado por la ambulancia de emergencia del SAME, a la guardia del Hospital Subzonal San Pedro, constat\u00e1ndose con el medico que sufr\u00eda lesiones de car\u00e1cter leves notando solo hematomas.<\/p>\n<p>El hecho caratulado como \u00ablesiones culposas\u00bb recay\u00f3 en la Fiscal\u00eda N\u00b0 11 de Viviana Ramos.<\/p>\n","protected":false},"excerpt":{"rendered":"<p>Alrededor de las 18:30hs del mi\u00e9rcoles, un ni\u00f1o de 5 a\u00f1os de edad intentaba cruzar la calle en intersecci\u00f3n de Mitre y Las Heras cuando fue embestido por un auto marca Toyota Etios que era conducido por un hombre mayor de 56. El menor fue trasladado por la ambulancia de emergencia del SAME, a la [&hellip;]<\/p>\n","protected":false},"author":4,"featured_media":27202,"comment_status":"open","ping_status":"closed","sticky":false,"template":"","format":"standard","meta":{"om_disable_all_campaigns":false,"_jetpack_memberships_contains_paid_content":false,"footnotes":""},"categories":[2,103],"tags":[],"class_list":["post-38004","post","type-post","status-publish","format-standard","has-post-thumbnail","hentry","category-locales","category-policiales-locales"],"aioseo_notices":[],"gutentor_comment":0,"jetpack_featured_media_url":"https:\/\/eldiariodesanpedro.com.ar\/sitio\/wp-content\/uploads\/2017\/12\/ambulancia-same-provincia.jpg","jetpack_shortlink":"https:\/\/wp.me\/p6RhLt-9SY","jetpack_sharing_enabled":true,"_links":{"self":[{"href":"https:\/\/eldiariodesanpedro.com.ar\/sitio\/wp-json\/wp\/v2\/posts\/38004","targetHints":{"allow":["GET"]}}],"collection":[{"href":"https:\/\/eldiariodesanpedro.com.ar\/sitio\/wp-json\/wp\/v2\/posts"}],"about":[{"href":"https:\/\/eldiariodesanpedro.com.ar\/sitio\/wp-json\/wp\/v2\/types\/post"}],"author":[{"embeddable":true,"href":"https:\/\/eldiariodesanpedro.com.ar\/sitio\/wp-json\/wp\/v2\/users\/4"}],"replies":[{"embeddable":true,"href":"https:\/\/eldiariodesanpedro.com.ar\/sitio\/wp-json\/wp\/v2\/comments?post=38004"}],"version-history":[{"count":1,"href":"https:\/\/eldiariodesanpedro.com.ar\/sitio\/wp-json\/wp\/v2\/posts\/38004\/revisions"}],"predecessor-version":[{"id":38005,"href":"https:\/\/eldiariodesanpedro.com.ar\/sitio\/wp-json\/wp\/v2\/posts\/38004\/revisions\/38005"}],"wp:featuredmedia":[{"embeddable":true,"href":"https:\/\/eldiariodesanpedro.com.ar\/sitio\/wp-json\/wp\/v2\/media\/27202"}],"wp:attachment":[{"href":"https:\/\/eldiariodesanpedro.com.ar\/sitio\/wp-json\/wp\/v2\/media?parent=38004"}],"wp:term":[{"taxonomy":"category","embeddable":true,"href":"https:\/\/eldiariodesanpedro.com.ar\/sitio\/wp-json\/wp\/v2\/categories?post=38004"},{"taxonomy":"post_tag","embeddable":true,"href":"https:\/\/eldiariodesanpedro.com.ar\/sitio\/wp-json\/wp\/v2\/tags?post=38004"}],"curies":[{"name":"wp","href":"https:\/\/api.w.org\/{rel}","templated":true}]}}