{"id":38002,"date":"2018-08-09T09:20:21","date_gmt":"2018-08-09T12:20:21","guid":{"rendered":"https:\/\/eldiariodesanpedro.com.ar\/sitio\/?p=38002"},"modified":"2018-08-09T09:20:21","modified_gmt":"2018-08-09T12:20:21","slug":"dos-aprehendidos-en-diligencia-de-allanamiento-por-tenencia-de-armas","status":"publish","type":"post","link":"https:\/\/eldiariodesanpedro.com.ar\/sitio\/dos-aprehendidos-en-diligencia-de-allanamiento-por-tenencia-de-armas\/","title":{"rendered":"Dos aprehendidos en diligencia de allanamiento por tenencia de armas"},"content":{"rendered":"<p><!-- VideographyWP Plugin Message: Automatic video embedding prevented by plugin options. --><br \/>\nEste mi\u00e9rcoles por la tarde, luego de los 12 allanamientos en el barrio Hermano Indio y Malvinas con resultados positivos por tenencia ilegal y abuso de armas secuestr\u00e1ndose una cantidad importante de ellas, se procedi\u00f3 a otra diligencia en otro domicilio, sito en calle Ruffa al 900, arrojando tambi\u00e9n resultados favorables secuestr\u00e1ndose un revolver calibre 38.<\/p>\n<p>En el interior se encontraba el propietario, un hombre de 34 a\u00f1os de edad y su pareja una mujer de 33 la cual pose\u00eda pedido de paradero activo por fuga de un Instituto de la ciudad de Dolores, siendo notificado a su comparecencia a dicho magistrado con fines de regularizar su situaci\u00f3n, ambos quedaron alojados en la Dependencia Local.<\/p>\n","protected":false},"excerpt":{"rendered":"<p>Este mi\u00e9rcoles por la tarde, luego de los 12 allanamientos en el barrio Hermano Indio y Malvinas con resultados positivos por tenencia ilegal y abuso de armas secuestr\u00e1ndose una cantidad importante de ellas, se procedi\u00f3 a otra diligencia en otro domicilio, sito en calle Ruffa al 900, arrojando tambi\u00e9n resultados favorables secuestr\u00e1ndose un revolver calibre [&hellip;]<\/p>\n","protected":false},"author":4,"featured_media":37998,"comment_status":"open","ping_status":"closed","sticky":false,"template":"","format":"standard","meta":{"om_disable_all_campaigns":false,"_jetpack_memberships_contains_paid_content":false,"footnotes":""},"categories":[50,2,103],"tags":[],"class_list":["post-38002","post","type-post","status-publish","format-standard","has-post-thumbnail","hentry","category-destacadas","category-locales","category-policiales-locales"],"aioseo_notices":[],"gutentor_comment":0,"jetpack_featured_media_url":"https:\/\/eldiariodesanpedro.com.ar\/sitio\/wp-content\/uploads\/2018\/08\/WhatsApp-Image-2018-08-09-at-08.39.18-e1533817182798.jpeg","jetpack_shortlink":"https:\/\/wp.me\/p6RhLt-9SW","jetpack_sharing_enabled":true,"_links":{"self":[{"href":"https:\/\/eldiariodesanpedro.com.ar\/sitio\/wp-json\/wp\/v2\/posts\/38002","targetHints":{"allow":["GET"]}}],"collection":[{"href":"https:\/\/eldiariodesanpedro.com.ar\/sitio\/wp-json\/wp\/v2\/posts"}],"about":[{"href":"https:\/\/eldiariodesanpedro.com.ar\/sitio\/wp-json\/wp\/v2\/types\/post"}],"author":[{"embeddable":true,"href":"https:\/\/eldiariodesanpedro.com.ar\/sitio\/wp-json\/wp\/v2\/users\/4"}],"replies":[{"embeddable":true,"href":"https:\/\/eldiariodesanpedro.com.ar\/sitio\/wp-json\/wp\/v2\/comments?post=38002"}],"version-history":[{"count":1,"href":"https:\/\/eldiariodesanpedro.com.ar\/sitio\/wp-json\/wp\/v2\/posts\/38002\/revisions"}],"predecessor-version":[{"id":38003,"href":"https:\/\/eldiariodesanpedro.com.ar\/sitio\/wp-json\/wp\/v2\/posts\/38002\/revisions\/38003"}],"wp:featuredmedia":[{"embeddable":true,"href":"https:\/\/eldiariodesanpedro.com.ar\/sitio\/wp-json\/wp\/v2\/media\/37998"}],"wp:attachment":[{"href":"https:\/\/eldiariodesanpedro.com.ar\/sitio\/wp-json\/wp\/v2\/media?parent=38002"}],"wp:term":[{"taxonomy":"category","embeddable":true,"href":"https:\/\/eldiariodesanpedro.com.ar\/sitio\/wp-json\/wp\/v2\/categories?post=38002"},{"taxonomy":"post_tag","embeddable":true,"href":"https:\/\/eldiariodesanpedro.com.ar\/sitio\/wp-json\/wp\/v2\/tags?post=38002"}],"curies":[{"name":"wp","href":"https:\/\/api.w.org\/{rel}","templated":true}]}}