{"id":37997,"date":"2018-08-09T09:07:58","date_gmt":"2018-08-09T12:07:58","guid":{"rendered":"https:\/\/eldiariodesanpedro.com.ar\/sitio\/?p=37997"},"modified":"2018-08-09T09:07:58","modified_gmt":"2018-08-09T12:07:58","slug":"en-operativo-de-interceptacion-vehicular-se-secuestraron-2-motos-y-una-camioneta","status":"publish","type":"post","link":"https:\/\/eldiariodesanpedro.com.ar\/sitio\/en-operativo-de-interceptacion-vehicular-se-secuestraron-2-motos-y-una-camioneta\/","title":{"rendered":"En Operativo de Interceptacion Vehicular se secuestraron 2 motos y una camioneta"},"content":{"rendered":"<p><!-- VideographyWP Plugin Message: Automatic video embedding prevented by plugin options. --><br \/>\nEn marco de Operativo de Interceptacion Vehicular, en la tarde del mi\u00e9rcoles, personal policial de la Dependencia Local conjunto con Vial logro secuestrar dos motocicletas que ten\u00edan pedido de paradero activo y una camioneta con signos de adulteraci\u00f3n en calco de VTV y falta de documentaci\u00f3n.<\/p>\n<p>En nuestra ciudad, en intersecci\u00f3n de las calles 25 de Mayo y Bozzano, se procedi\u00f3 a la aprehensi\u00f3n de un ciudadano de 36 a\u00f1os de edad, que conduc\u00eda una motocicleta Honda 125 cc, la cual registra pedido de paradero activo con fecha del 30 de Marzo del 2009 por el hecho de robo calificado, a requerimiento de la  UFI N\u00b01 San Nicol\u00e1s, trasladados el aprehendido y el rodado a la sede policial. <\/p>\n<p>Tambi\u00e9n en calle Almafuerte al 1300, se  procedi\u00f3 a la interceptaci\u00f3n de una mujer de 30 a\u00f1os de edad, que se desplazaba conduciendo una motocicleta Guerrero 70 cc, la cual registra pedido de secuestro activo con  fecha del  6 de Junio de 2017 por el hecho de robo, a requerimiento de la UFI N\u00b05 San Pedro, procedi\u00e9ndose al traslado de la ciudadana y el secuestro de la motocicleta a sede policial. <\/p>\n<p>En Ruta Provincial 191 y Ruta Nacional 9, proceden al secuestro de una  camioneta marca Ford 250, que presentaba anomal\u00eda,  con signos de adulteraci\u00f3n en calco de VTV como as\u00ed tambi\u00e9n en la documentaci\u00f3n.<\/p>\n<p>El veh\u00edculo era conducido por un joven de 27 a\u00f1os, quien la  UFI N\u00b011 de la Dr Ramos, dispone posterior libertad y  con respecto al rodado intervino el Juzgado de Falta, labr\u00e1ndose acta  correspondiente. <\/p>\n<p><img decoding=\"async\" data-attachment-id=\"38000\" data-permalink=\"https:\/\/eldiariodesanpedro.com.ar\/sitio\/en-operativo-de-interceptacion-vehicular-se-secuestraron-2-motos-y-una-camioneta\/whatsapp-image-2018-08-09-at-08-39-54\/\" data-orig-file=\"https:\/\/eldiariodesanpedro.com.ar\/sitio\/wp-content\/uploads\/2018\/08\/WhatsApp-Image-2018-08-09-at-08.39.54.jpeg\" data-orig-size=\"1040,780\" data-comments-opened=\"1\" data-image-meta=\"{&quot;aperture&quot;:&quot;0&quot;,&quot;credit&quot;:&quot;&quot;,&quot;camera&quot;:&quot;&quot;,&quot;caption&quot;:&quot;&quot;,&quot;created_timestamp&quot;:&quot;0&quot;,&quot;copyright&quot;:&quot;&quot;,&quot;focal_length&quot;:&quot;0&quot;,&quot;iso&quot;:&quot;0&quot;,&quot;shutter_speed&quot;:&quot;0&quot;,&quot;title&quot;:&quot;&quot;,&quot;orientation&quot;:&quot;0&quot;}\" data-image-title=\"WhatsApp Image 2018-08-09 at 08.39.54\" data-image-description=\"\" data-image-caption=\"\" data-large-file=\"https:\/\/eldiariodesanpedro.com.ar\/sitio\/wp-content\/uploads\/2018\/08\/WhatsApp-Image-2018-08-09-at-08.39.54-1024x768.jpeg\" data-src=\"https:\/\/eldiariodesanpedro.com.ar\/sitio\/wp-content\/uploads\/2018\/08\/WhatsApp-Image-2018-08-09-at-08.39.54-1024x768.jpeg\" alt=\"\" width=\"660\" height=\"495\" class=\"alignnone size-large wp-image-38000 lazyload\" data-srcset=\"https:\/\/eldiariodesanpedro.com.ar\/sitio\/wp-content\/uploads\/2018\/08\/WhatsApp-Image-2018-08-09-at-08.39.54-1024x768.jpeg 1024w, https:\/\/eldiariodesanpedro.com.ar\/sitio\/wp-content\/uploads\/2018\/08\/WhatsApp-Image-2018-08-09-at-08.39.54-300x225.jpeg 300w, https:\/\/eldiariodesanpedro.com.ar\/sitio\/wp-content\/uploads\/2018\/08\/WhatsApp-Image-2018-08-09-at-08.39.54-768x576.jpeg 768w, https:\/\/eldiariodesanpedro.com.ar\/sitio\/wp-content\/uploads\/2018\/08\/WhatsApp-Image-2018-08-09-at-08.39.54.jpeg 1040w\" data-sizes=\"(max-width: 660px) 100vw, 660px\" src=\"data:image\/svg+xml;base64,PHN2ZyB3aWR0aD0iMSIgaGVpZ2h0PSIxIiB4bWxucz0iaHR0cDovL3d3dy53My5vcmcvMjAwMC9zdmciPjwvc3ZnPg==\" style=\"--smush-placeholder-width: 660px; --smush-placeholder-aspect-ratio: 660\/495;\" \/><\/p>\n<p><img decoding=\"async\" data-attachment-id=\"37999\" data-permalink=\"https:\/\/eldiariodesanpedro.com.ar\/sitio\/en-operativo-de-interceptacion-vehicular-se-secuestraron-2-motos-y-una-camioneta\/whatsapp-image-2018-08-09-at-08-39-53\/\" data-orig-file=\"https:\/\/eldiariodesanpedro.com.ar\/sitio\/wp-content\/uploads\/2018\/08\/WhatsApp-Image-2018-08-09-at-08.39.53.jpeg\" data-orig-size=\"1280,960\" data-comments-opened=\"1\" data-image-meta=\"{&quot;aperture&quot;:&quot;0&quot;,&quot;credit&quot;:&quot;&quot;,&quot;camera&quot;:&quot;&quot;,&quot;caption&quot;:&quot;&quot;,&quot;created_timestamp&quot;:&quot;0&quot;,&quot;copyright&quot;:&quot;&quot;,&quot;focal_length&quot;:&quot;0&quot;,&quot;iso&quot;:&quot;0&quot;,&quot;shutter_speed&quot;:&quot;0&quot;,&quot;title&quot;:&quot;&quot;,&quot;orientation&quot;:&quot;0&quot;}\" data-image-title=\"WhatsApp Image 2018-08-09 at 08.39.53\" data-image-description=\"\" data-image-caption=\"\" data-large-file=\"https:\/\/eldiariodesanpedro.com.ar\/sitio\/wp-content\/uploads\/2018\/08\/WhatsApp-Image-2018-08-09-at-08.39.53-1024x768.jpeg\" data-src=\"https:\/\/eldiariodesanpedro.com.ar\/sitio\/wp-content\/uploads\/2018\/08\/WhatsApp-Image-2018-08-09-at-08.39.53-1024x768.jpeg\" alt=\"\" width=\"660\" height=\"495\" class=\"alignnone size-large wp-image-37999 lazyload\" data-srcset=\"https:\/\/eldiariodesanpedro.com.ar\/sitio\/wp-content\/uploads\/2018\/08\/WhatsApp-Image-2018-08-09-at-08.39.53-1024x768.jpeg 1024w, https:\/\/eldiariodesanpedro.com.ar\/sitio\/wp-content\/uploads\/2018\/08\/WhatsApp-Image-2018-08-09-at-08.39.53-300x225.jpeg 300w, https:\/\/eldiariodesanpedro.com.ar\/sitio\/wp-content\/uploads\/2018\/08\/WhatsApp-Image-2018-08-09-at-08.39.53-768x576.jpeg 768w, https:\/\/eldiariodesanpedro.com.ar\/sitio\/wp-content\/uploads\/2018\/08\/WhatsApp-Image-2018-08-09-at-08.39.53.jpeg 1280w\" data-sizes=\"(max-width: 660px) 100vw, 660px\" src=\"data:image\/svg+xml;base64,PHN2ZyB3aWR0aD0iMSIgaGVpZ2h0PSIxIiB4bWxucz0iaHR0cDovL3d3dy53My5vcmcvMjAwMC9zdmciPjwvc3ZnPg==\" style=\"--smush-placeholder-width: 660px; --smush-placeholder-aspect-ratio: 660\/495;\" \/><\/p>\n","protected":false},"excerpt":{"rendered":"<p>En marco de Operativo de Interceptacion Vehicular, en la tarde del mi\u00e9rcoles, personal policial de la Dependencia Local conjunto con Vial logro secuestrar dos motocicletas que ten\u00edan pedido de paradero activo y una camioneta con signos de adulteraci\u00f3n en calco de VTV y falta de documentaci\u00f3n. En nuestra ciudad, en intersecci\u00f3n de las calles 25 [&hellip;]<\/p>\n","protected":false},"author":4,"featured_media":37999,"comment_status":"open","ping_status":"closed","sticky":false,"template":"","format":"standard","meta":{"om_disable_all_campaigns":false,"_jetpack_memberships_contains_paid_content":false,"footnotes":""},"categories":[2,103],"tags":[],"class_list":["post-37997","post","type-post","status-publish","format-standard","has-post-thumbnail","hentry","category-locales","category-policiales-locales"],"aioseo_notices":[],"gutentor_comment":0,"jetpack_featured_media_url":"https:\/\/eldiariodesanpedro.com.ar\/sitio\/wp-content\/uploads\/2018\/08\/WhatsApp-Image-2018-08-09-at-08.39.53.jpeg","jetpack_shortlink":"https:\/\/wp.me\/p6RhLt-9SR","jetpack_sharing_enabled":true,"_links":{"self":[{"href":"https:\/\/eldiariodesanpedro.com.ar\/sitio\/wp-json\/wp\/v2\/posts\/37997","targetHints":{"allow":["GET"]}}],"collection":[{"href":"https:\/\/eldiariodesanpedro.com.ar\/sitio\/wp-json\/wp\/v2\/posts"}],"about":[{"href":"https:\/\/eldiariodesanpedro.com.ar\/sitio\/wp-json\/wp\/v2\/types\/post"}],"author":[{"embeddable":true,"href":"https:\/\/eldiariodesanpedro.com.ar\/sitio\/wp-json\/wp\/v2\/users\/4"}],"replies":[{"embeddable":true,"href":"https:\/\/eldiariodesanpedro.com.ar\/sitio\/wp-json\/wp\/v2\/comments?post=37997"}],"version-history":[{"count":1,"href":"https:\/\/eldiariodesanpedro.com.ar\/sitio\/wp-json\/wp\/v2\/posts\/37997\/revisions"}],"predecessor-version":[{"id":38001,"href":"https:\/\/eldiariodesanpedro.com.ar\/sitio\/wp-json\/wp\/v2\/posts\/37997\/revisions\/38001"}],"wp:featuredmedia":[{"embeddable":true,"href":"https:\/\/eldiariodesanpedro.com.ar\/sitio\/wp-json\/wp\/v2\/media\/37999"}],"wp:attachment":[{"href":"https:\/\/eldiariodesanpedro.com.ar\/sitio\/wp-json\/wp\/v2\/media?parent=37997"}],"wp:term":[{"taxonomy":"category","embeddable":true,"href":"https:\/\/eldiariodesanpedro.com.ar\/sitio\/wp-json\/wp\/v2\/categories?post=37997"},{"taxonomy":"post_tag","embeddable":true,"href":"https:\/\/eldiariodesanpedro.com.ar\/sitio\/wp-json\/wp\/v2\/tags?post=37997"}],"curies":[{"name":"wp","href":"https:\/\/api.w.org\/{rel}","templated":true}]}}