{"id":37991,"date":"2018-08-08T21:25:07","date_gmt":"2018-08-09T00:25:07","guid":{"rendered":"https:\/\/eldiariodesanpedro.com.ar\/sitio\/?p=37991"},"modified":"2026-01-24T00:11:17","modified_gmt":"2026-01-24T03:11:17","slug":"ciclismo-agustin-basualdo-gano-la-competencia-central-del-panoramico","status":"publish","type":"post","link":"https:\/\/eldiariodesanpedro.com.ar\/sitio\/ciclismo-agustin-basualdo-gano-la-competencia-central-del-panoramico\/","title":{"rendered":"CICLISMO: Agust\u00edn Basualdo gan\u00f3 la competencia central del Panor\u00e1mico"},"content":{"rendered":"<p><!-- VideographyWP Plugin Message: Automatic video embedding prevented by plugin options. --><br \/>\n  Tarde sabatina, deporte del Pedal en el Panor\u00e1mico del Oeste y como siempre bajo la organizaci\u00f3n de Pro Ciclismo San Pedro, con la participaci\u00f3n de corredores de muy buen nivel, quienes brindaron un destacado espect\u00e1culo de ritmo r\u00e1pido en todas las competencias realizadas.<\/p>\n<p>  En la principal, reservada a Promocional, Master \u201cA\u201d y \u201cB\u201d, fueron 75\u2019 m\u00e1s 5 vueltas de tentativas, escapadas, estrategias y cortes en el pelot\u00f3n, que fueron disipados prontamente, hasta llegar a definir en embalaje mayoritario, donde saca a relucir \u201cNuevamente\u201d, sus condiciones de fuerte Sprinter, el joven Agust\u00edn Basualdo, escoltado por Just\u00edn Joach\u00edn y Mariano Manzo.<\/p>\n<p>  Las clasificaciones del 4 de agosto en San Pedro, fueron las detalladas a continuaci\u00f3n:<\/p>\n<p><strong>INFANTILES<\/strong><br \/>\nParticiparon: Fantino Giuliani \u2013 Gonzalo Paz \u2013 Laureano Cardoso \u2013 Fantino Giuliani.<\/p>\n<p><em>AFICIONADOS MAYORES<\/em><br \/>\n1\u00ba Mauricio Ariel Baca (San Pedro)<br \/>\n2\u00ba Mario Fabrizio (San Pedro)<br \/>\n3\u00ba Fabi\u00e1n Boaglio (San Pedro)<br \/>\n4\u00ba Julio Amoros (Capit\u00e1n Sarmiento)<br \/>\n5\u00ba Daniel Chipolini (San Pedro) <\/p>\n<p><em>AFICIONADOS MENORES<\/em><br \/>\n1\u00ba Marcos Barraza (San Pedro)<br \/>\n2\u00ba Jonathan L\u00f3pez (Z\u00e1rate)<br \/>\n3\u00ba Daniel Barraza (San Pedro)<br \/>\n4\u00ba Juan Maseli (San Pedro)<br \/>\n5\u00ba Ezequiel Grosso (San Pedro)<\/p>\n<p><em>M\u00c1STER \u201cD\u201d Y DAMAS<\/em><br \/>\n1\u00ba Walter Romasanta (Arrecifes)<br \/>\n2\u00aa Karina Grillo (San Nicol\u00e1s)<br \/>\n3\u00ba Oscar L\u00f3pez (Z\u00e1rate)<br \/>\n4\u00ba Juan Contreras (Pergamino)<br \/>\n5\u00ba Rub\u00e9n Garc\u00eda (Pergamino)<\/p>\n<p><em>M\u00c1STER \u201cB-2\u201d Y M\u00c1STER \u201cC\u201d<\/em><br \/>\n1\u00ba Juan Fontana (Capit\u00e1n Sarmiento)<br \/>\n2\u00ba Rub\u00e9n Mallada (Z\u00e1rate)<br \/>\n3\u00ba N\u00e9stor \u201cChicho\u201d Varela (Arrecifes)<br \/>\n4\u00ba Jos\u00e9 Luis Pereyra (San Pedro)<br \/>\n5\u00ba Daniel Boaglio (San Pedro)<br \/>\n6\u00ba Sergio Lucero (Capit\u00e1n Sarmiento)<\/p>\n<p><em>M\u00c1STER \u201cB\u201d<\/em><br \/>\n1\u00ba Luis \u201cWichi\u201d Alegre (Capit\u00e1n Sarmiento)<br \/>\n2\u00ba Oscar Quintero (Rosario)<br \/>\n3\u00ba Javier Azurmandi (Capilla del Se\u00f1or)<\/p>\n<p><em>PROMOCIONAL Y M\u00c1STER \u201cB\u201d<\/em><br \/>\n1\u00ba Agust\u00edn Basualdo (San Pedro)<br \/>\n2\u00ba Just\u00edn Joach\u00edn (La Luisa)<br \/>\n3\u00ba Mariano Manzo (San Pedro)<br \/>\n4\u00ba Francisco Chipolini (San Pedro)<br \/>\n5\u00ba Diego Torres (Arrecifes)<br \/>\n6\u00ba L\u00e1zaro Villarruel (San Pedro)<\/p>\n","protected":false},"excerpt":{"rendered":"<p>Tarde sabatina, deporte del Pedal en el Panor\u00e1mico del Oeste y como siempre bajo la organizaci\u00f3n de Pro Ciclismo San Pedro, con la participaci\u00f3n de corredores de muy buen nivel, quienes brindaron un destacado espect\u00e1culo de ritmo r\u00e1pido en todas las competencias realizadas. En la principal, reservada a Promocional, Master \u201cA\u201d y \u201cB\u201d, fueron 75\u2019 [&hellip;]<\/p>\n","protected":false},"author":4,"featured_media":37993,"comment_status":"open","ping_status":"closed","sticky":false,"template":"","format":"standard","meta":{"om_disable_all_campaigns":false,"_jetpack_memberships_contains_paid_content":false,"footnotes":""},"categories":[5],"tags":[],"class_list":["post-37991","post","type-post","status-publish","format-standard","has-post-thumbnail","hentry","category-deportes"],"aioseo_notices":[],"gutentor_comment":0,"jetpack_featured_media_url":"https:\/\/eldiariodesanpedro.com.ar\/sitio\/wp-content\/uploads\/2018\/08\/Podio-de-promocionales-y-Master-A.jpg","jetpack_shortlink":"https:\/\/wp.me\/p6RhLt-9SL","jetpack_sharing_enabled":true,"_links":{"self":[{"href":"https:\/\/eldiariodesanpedro.com.ar\/sitio\/wp-json\/wp\/v2\/posts\/37991","targetHints":{"allow":["GET"]}}],"collection":[{"href":"https:\/\/eldiariodesanpedro.com.ar\/sitio\/wp-json\/wp\/v2\/posts"}],"about":[{"href":"https:\/\/eldiariodesanpedro.com.ar\/sitio\/wp-json\/wp\/v2\/types\/post"}],"author":[{"embeddable":true,"href":"https:\/\/eldiariodesanpedro.com.ar\/sitio\/wp-json\/wp\/v2\/users\/4"}],"replies":[{"embeddable":true,"href":"https:\/\/eldiariodesanpedro.com.ar\/sitio\/wp-json\/wp\/v2\/comments?post=37991"}],"version-history":[{"count":1,"href":"https:\/\/eldiariodesanpedro.com.ar\/sitio\/wp-json\/wp\/v2\/posts\/37991\/revisions"}],"predecessor-version":[{"id":37995,"href":"https:\/\/eldiariodesanpedro.com.ar\/sitio\/wp-json\/wp\/v2\/posts\/37991\/revisions\/37995"}],"wp:featuredmedia":[{"embeddable":true,"href":"https:\/\/eldiariodesanpedro.com.ar\/sitio\/wp-json\/wp\/v2\/media\/37993"}],"wp:attachment":[{"href":"https:\/\/eldiariodesanpedro.com.ar\/sitio\/wp-json\/wp\/v2\/media?parent=37991"}],"wp:term":[{"taxonomy":"category","embeddable":true,"href":"https:\/\/eldiariodesanpedro.com.ar\/sitio\/wp-json\/wp\/v2\/categories?post=37991"},{"taxonomy":"post_tag","embeddable":true,"href":"https:\/\/eldiariodesanpedro.com.ar\/sitio\/wp-json\/wp\/v2\/tags?post=37991"}],"curies":[{"name":"wp","href":"https:\/\/api.w.org\/{rel}","templated":true}]}}