{"id":37983,"date":"2018-08-08T21:19:12","date_gmt":"2018-08-09T00:19:12","guid":{"rendered":"https:\/\/eldiariodesanpedro.com.ar\/sitio\/?p=37983"},"modified":"2026-01-24T00:11:18","modified_gmt":"2026-01-24T03:11:18","slug":"patin-artistico-parana-fc-campeon","status":"publish","type":"post","link":"https:\/\/eldiariodesanpedro.com.ar\/sitio\/patin-artistico-parana-fc-campeon\/","title":{"rendered":"PAT\u00cdN ART\u00cdSTICO: Paran\u00e1 FC campe\u00f3n"},"content":{"rendered":"<p><!-- VideographyWP Plugin Message: Automatic video embedding prevented by plugin options. --><br \/>\nPatinadoras de Paran\u00e1 F.C., se presentaron este domingo en el Club El Porvenir (Gerli), por una nueva fecha de ADEPA (asociaci\u00f3n de entrenadores de pat\u00edn art\u00edstico) en categor\u00edas de Incentivo, Formativas y Federadas de categ. \u201cC\u201d y \u201cB\u201d.<\/p>\n<p>  Los excelentes resultados obtenidos por el equipo, a cargo de la Prof. Carina Ruiz de Fortunato, de 24 integrantes, hizo que el \u2018Albirrojo\u2019 se adjudicara la copa por equipos en disputa en esta fecha por la Asociaci\u00f3n.<br \/>\n  Participaron en sus respectivas categor\u00edas: Zugasti Juan, Gonz\u00e1lez Aymar, Dellagiovanna Bianca, Laiz Lola, Cuello Italina, Manso Emma, G\u00f3mez P\u00eda, Figueredo Martina, Navarro Sof\u00eda, Sayago Alma, Bon Zoe, Courtade Amparo, Novo Josefina, Ver\u00f3n Laia, Cerda M\u00eda, Araldi Valentina, Lobianco Alma, Gamietea Ana, Vetta Emilia, Luna Milena, Paez Alisa, Obrador Candela, Salazar Natasha y Baca Sof\u00eda.<\/p>\n","protected":false},"excerpt":{"rendered":"<p>Patinadoras de Paran\u00e1 F.C., se presentaron este domingo en el Club El Porvenir (Gerli), por una nueva fecha de ADEPA (asociaci\u00f3n de entrenadores de pat\u00edn art\u00edstico) en categor\u00edas de Incentivo, Formativas y Federadas de categ. \u201cC\u201d y \u201cB\u201d. Los excelentes resultados obtenidos por el equipo, a cargo de la Prof. Carina Ruiz de Fortunato, de [&hellip;]<\/p>\n","protected":false},"author":4,"featured_media":37986,"comment_status":"open","ping_status":"closed","sticky":false,"template":"","format":"standard","meta":{"om_disable_all_campaigns":false,"_jetpack_memberships_contains_paid_content":false,"footnotes":""},"categories":[5],"tags":[],"class_list":["post-37983","post","type-post","status-publish","format-standard","has-post-thumbnail","hentry","category-deportes"],"aioseo_notices":[],"gutentor_comment":0,"jetpack_featured_media_url":"https:\/\/eldiariodesanpedro.com.ar\/sitio\/wp-content\/uploads\/2018\/08\/Equipo-de-Patin-de-Parana.jpg","jetpack_shortlink":"https:\/\/wp.me\/p6RhLt-9SD","jetpack_sharing_enabled":true,"_links":{"self":[{"href":"https:\/\/eldiariodesanpedro.com.ar\/sitio\/wp-json\/wp\/v2\/posts\/37983","targetHints":{"allow":["GET"]}}],"collection":[{"href":"https:\/\/eldiariodesanpedro.com.ar\/sitio\/wp-json\/wp\/v2\/posts"}],"about":[{"href":"https:\/\/eldiariodesanpedro.com.ar\/sitio\/wp-json\/wp\/v2\/types\/post"}],"author":[{"embeddable":true,"href":"https:\/\/eldiariodesanpedro.com.ar\/sitio\/wp-json\/wp\/v2\/users\/4"}],"replies":[{"embeddable":true,"href":"https:\/\/eldiariodesanpedro.com.ar\/sitio\/wp-json\/wp\/v2\/comments?post=37983"}],"version-history":[{"count":1,"href":"https:\/\/eldiariodesanpedro.com.ar\/sitio\/wp-json\/wp\/v2\/posts\/37983\/revisions"}],"predecessor-version":[{"id":37989,"href":"https:\/\/eldiariodesanpedro.com.ar\/sitio\/wp-json\/wp\/v2\/posts\/37983\/revisions\/37989"}],"wp:featuredmedia":[{"embeddable":true,"href":"https:\/\/eldiariodesanpedro.com.ar\/sitio\/wp-json\/wp\/v2\/media\/37986"}],"wp:attachment":[{"href":"https:\/\/eldiariodesanpedro.com.ar\/sitio\/wp-json\/wp\/v2\/media?parent=37983"}],"wp:term":[{"taxonomy":"category","embeddable":true,"href":"https:\/\/eldiariodesanpedro.com.ar\/sitio\/wp-json\/wp\/v2\/categories?post=37983"},{"taxonomy":"post_tag","embeddable":true,"href":"https:\/\/eldiariodesanpedro.com.ar\/sitio\/wp-json\/wp\/v2\/tags?post=37983"}],"curies":[{"name":"wp","href":"https:\/\/api.w.org\/{rel}","templated":true}]}}