{"id":37982,"date":"2018-08-08T21:19:02","date_gmt":"2018-08-09T00:19:02","guid":{"rendered":"https:\/\/eldiariodesanpedro.com.ar\/sitio\/?p=37982"},"modified":"2026-01-24T00:11:18","modified_gmt":"2026-01-24T03:11:18","slug":"handball-equipo-mixto-del-cef-clasifico-a-mar-del-plata","status":"publish","type":"post","link":"https:\/\/eldiariodesanpedro.com.ar\/sitio\/handball-equipo-mixto-del-cef-clasifico-a-mar-del-plata\/","title":{"rendered":"HANDBALL: Equipo mixto del CEF clasific\u00f3 a Mar del Plata"},"content":{"rendered":"<p><!-- VideographyWP Plugin Message: Automatic video embedding prevented by plugin options. --><br \/>\nEl equipo de nuestra ciudad jug\u00f3 el Intercef que organiza la escuela de Educaci\u00f3n F\u00edsica perteneciente a la Direcci\u00f3n General de Escuelas clasificando a la final Intercef que se jugar\u00e1 en Mar del Plata.<br \/>\n  Fue en categor\u00eda Sub 18 (seis varones y cuatro mujeres) y es la primera vez que se realiza mixto, jugando en San Nicol\u00e1s la etapa regional (Regi\u00f3n 12: San Nicol\u00e1s, Arrecifes, Baradero-no present\u00f3-, Ramallo, Cap. Sarmiento y San Pedro). El certamen fue todos contra todos, San Pedro gan\u00f3 tres de los cuatro cotejos disputados y una igualdad. De esta manera consigue llegar a la final. Este s\u00e1bado el Intercef mixto de V\u00f3ley para mayores de 19 a\u00f1os se llevar\u00e1 a cabo en San Pedro, siendo representados por un equipo del CEF San Pedro. <\/p>\n","protected":false},"excerpt":{"rendered":"<p>El equipo de nuestra ciudad jug\u00f3 el Intercef que organiza la escuela de Educaci\u00f3n F\u00edsica perteneciente a la Direcci\u00f3n General de Escuelas clasificando a la final Intercef que se jugar\u00e1 en Mar del Plata. Fue en categor\u00eda Sub 18 (seis varones y cuatro mujeres) y es la primera vez que se realiza mixto, jugando en [&hellip;]<\/p>\n","protected":false},"author":4,"featured_media":37985,"comment_status":"open","ping_status":"closed","sticky":false,"template":"","format":"standard","meta":{"om_disable_all_campaigns":false,"_jetpack_memberships_contains_paid_content":false,"footnotes":""},"categories":[5],"tags":[],"class_list":["post-37982","post","type-post","status-publish","format-standard","has-post-thumbnail","hentry","category-deportes"],"aioseo_notices":[],"gutentor_comment":0,"jetpack_featured_media_url":"https:\/\/eldiariodesanpedro.com.ar\/sitio\/wp-content\/uploads\/2018\/08\/handball-Equipo-mixto-que-gan\u00f3-el-derecho-de-viajar-a-Mar-del-Plata.jpg","jetpack_shortlink":"https:\/\/wp.me\/p6RhLt-9SC","jetpack_sharing_enabled":true,"_links":{"self":[{"href":"https:\/\/eldiariodesanpedro.com.ar\/sitio\/wp-json\/wp\/v2\/posts\/37982","targetHints":{"allow":["GET"]}}],"collection":[{"href":"https:\/\/eldiariodesanpedro.com.ar\/sitio\/wp-json\/wp\/v2\/posts"}],"about":[{"href":"https:\/\/eldiariodesanpedro.com.ar\/sitio\/wp-json\/wp\/v2\/types\/post"}],"author":[{"embeddable":true,"href":"https:\/\/eldiariodesanpedro.com.ar\/sitio\/wp-json\/wp\/v2\/users\/4"}],"replies":[{"embeddable":true,"href":"https:\/\/eldiariodesanpedro.com.ar\/sitio\/wp-json\/wp\/v2\/comments?post=37982"}],"version-history":[{"count":1,"href":"https:\/\/eldiariodesanpedro.com.ar\/sitio\/wp-json\/wp\/v2\/posts\/37982\/revisions"}],"predecessor-version":[{"id":37988,"href":"https:\/\/eldiariodesanpedro.com.ar\/sitio\/wp-json\/wp\/v2\/posts\/37982\/revisions\/37988"}],"wp:featuredmedia":[{"embeddable":true,"href":"https:\/\/eldiariodesanpedro.com.ar\/sitio\/wp-json\/wp\/v2\/media\/37985"}],"wp:attachment":[{"href":"https:\/\/eldiariodesanpedro.com.ar\/sitio\/wp-json\/wp\/v2\/media?parent=37982"}],"wp:term":[{"taxonomy":"category","embeddable":true,"href":"https:\/\/eldiariodesanpedro.com.ar\/sitio\/wp-json\/wp\/v2\/categories?post=37982"},{"taxonomy":"post_tag","embeddable":true,"href":"https:\/\/eldiariodesanpedro.com.ar\/sitio\/wp-json\/wp\/v2\/tags?post=37982"}],"curies":[{"name":"wp","href":"https:\/\/api.w.org\/{rel}","templated":true}]}}