{"id":37979,"date":"2018-08-08T21:15:47","date_gmt":"2018-08-09T00:15:47","guid":{"rendered":"https:\/\/eldiariodesanpedro.com.ar\/sitio\/?p=37979"},"modified":"2018-08-08T21:15:47","modified_gmt":"2018-08-09T00:15:47","slug":"baradero-finalizo-la-audiencia-entre-los-trabajadores-curtidores-y-la-empresa-donto-hubo-acuerdo","status":"publish","type":"post","link":"https:\/\/eldiariodesanpedro.com.ar\/sitio\/baradero-finalizo-la-audiencia-entre-los-trabajadores-curtidores-y-la-empresa-donto-hubo-acuerdo\/","title":{"rendered":"BARADERO: Finaliz\u00f3 la audiencia entre los trabajadores Curtidores y la empresa Donto: Hubo acuerdo"},"content":{"rendered":"<p><!-- VideographyWP Plugin Message: Automatic video embedding prevented by plugin options. --><br \/>\nTras un paro decretado en la ma\u00f1ana de ayer, este mi\u00e9rcoles se desarroll\u00f3 una audiencia entre los representares de los trabajadores curtidores y la empresa Donto en la sede del Ministerio de Trabajo de nuestra ciudad. El ofrecimiento de la empresa fue actualizar los salarios con las paritarias 2017.<\/p>\n<p>  Felipe Barrios, Secretario General del Sindicato, explic\u00f3 a este medio que adem\u00e1s la empresa dejar\u00e1 por escrito el compromiso de \u201cdar cumplimiento a todo lo atrasado en el pago de la paritaria 2017 y actualizar los salarios a partir de la primera quincena de agosto\u201d. Es decir, que ya pagar\u00eda con salarios actualizados.<\/p>\n<p>  Esa propuesta fue volcada en la asamblea de trabajadores y la misma fue aceptada. Por lo cual, se levant\u00f3 el paro que se sosten\u00eda con una manifestaci\u00f3n en las puertas de la f\u00e1brica.<\/p>\n<p>\u201cTrabajar tranquilo es la meta que buscamos y que los trabajadores puedan cobrar lo que les corresponde\u201d afirm\u00f3 Barrios. Quien se mostr\u00f3 muy conforme con los resultados de la jornada de hoy.<\/p>\n<p>  El representante gremial adem\u00e1s cont\u00f3 que la pr\u00f3xima audiencia ser\u00e1 el 14 de septiembre. Adem\u00e1s, que la paritaria 2018 fue firmada hace 15 d\u00edas, por lo cual, a\u00fan resta discutir nuevamente luego de que se d\u00e9 la homologaci\u00f3n de esta \u00faltima.<\/p>\n<p>  Cabe recordar que el conflicto se desat\u00f3 luego del no pago de la quincena, y el congelamiento de los salarios desde 2016. As\u00ed como tambi\u00e9n, los \u201cdespidos a cuenta gotas\u201d que padecen desde hace tiempo.<\/p>\n<p>Fuente: Tu L\u00ednea Directa<\/p>\n","protected":false},"excerpt":{"rendered":"<p>Tras un paro decretado en la ma\u00f1ana de ayer, este mi\u00e9rcoles se desarroll\u00f3 una audiencia entre los representares de los trabajadores curtidores y la empresa Donto en la sede del Ministerio de Trabajo de nuestra ciudad. El ofrecimiento de la empresa fue actualizar los salarios con las paritarias 2017. Felipe Barrios, Secretario General del Sindicato, [&hellip;]<\/p>\n","protected":false},"author":4,"featured_media":37981,"comment_status":"open","ping_status":"closed","sticky":false,"template":"","format":"standard","meta":{"om_disable_all_campaigns":false,"_jetpack_memberships_contains_paid_content":false,"footnotes":""},"categories":[621],"tags":[],"class_list":["post-37979","post","type-post","status-publish","format-standard","has-post-thumbnail","hentry","category-regionales"],"aioseo_notices":[],"gutentor_comment":0,"jetpack_featured_media_url":"https:\/\/eldiariodesanpedro.com.ar\/sitio\/wp-content\/uploads\/2018\/08\/trabajadores-Curtidores-y-la-empresa-Donto.jpg","jetpack_shortlink":"https:\/\/wp.me\/p6RhLt-9Sz","jetpack_sharing_enabled":true,"_links":{"self":[{"href":"https:\/\/eldiariodesanpedro.com.ar\/sitio\/wp-json\/wp\/v2\/posts\/37979","targetHints":{"allow":["GET"]}}],"collection":[{"href":"https:\/\/eldiariodesanpedro.com.ar\/sitio\/wp-json\/wp\/v2\/posts"}],"about":[{"href":"https:\/\/eldiariodesanpedro.com.ar\/sitio\/wp-json\/wp\/v2\/types\/post"}],"author":[{"embeddable":true,"href":"https:\/\/eldiariodesanpedro.com.ar\/sitio\/wp-json\/wp\/v2\/users\/4"}],"replies":[{"embeddable":true,"href":"https:\/\/eldiariodesanpedro.com.ar\/sitio\/wp-json\/wp\/v2\/comments?post=37979"}],"version-history":[{"count":2,"href":"https:\/\/eldiariodesanpedro.com.ar\/sitio\/wp-json\/wp\/v2\/posts\/37979\/revisions"}],"predecessor-version":[{"id":37987,"href":"https:\/\/eldiariodesanpedro.com.ar\/sitio\/wp-json\/wp\/v2\/posts\/37979\/revisions\/37987"}],"wp:featuredmedia":[{"embeddable":true,"href":"https:\/\/eldiariodesanpedro.com.ar\/sitio\/wp-json\/wp\/v2\/media\/37981"}],"wp:attachment":[{"href":"https:\/\/eldiariodesanpedro.com.ar\/sitio\/wp-json\/wp\/v2\/media?parent=37979"}],"wp:term":[{"taxonomy":"category","embeddable":true,"href":"https:\/\/eldiariodesanpedro.com.ar\/sitio\/wp-json\/wp\/v2\/categories?post=37979"},{"taxonomy":"post_tag","embeddable":true,"href":"https:\/\/eldiariodesanpedro.com.ar\/sitio\/wp-json\/wp\/v2\/tags?post=37979"}],"curies":[{"name":"wp","href":"https:\/\/api.w.org\/{rel}","templated":true}]}}