{"id":37976,"date":"2018-08-08T21:12:36","date_gmt":"2018-08-09T00:12:36","guid":{"rendered":"https:\/\/eldiariodesanpedro.com.ar\/sitio\/?p=37976"},"modified":"2018-08-08T21:12:36","modified_gmt":"2018-08-09T00:12:36","slug":"arrecifes-se-inauguro-en-el-hospital-el-centro-oftalmologico-dr-francisco-platero","status":"publish","type":"post","link":"https:\/\/eldiariodesanpedro.com.ar\/sitio\/arrecifes-se-inauguro-en-el-hospital-el-centro-oftalmologico-dr-francisco-platero\/","title":{"rendered":"ARRECIFES: Se inaugur\u00f3 en el Hospital el Centro Oftalmol\u00f3gico \u201cDr. Francisco Platero\u201d"},"content":{"rendered":"<p><!-- VideographyWP Plugin Message: Automatic video embedding prevented by plugin options. --><br \/>\nEl intendente Javier Olaeta y el director del Hospital Municipal, Dr. Sergio Spago, encabezaron este martes el acto de inauguraci\u00f3n de las instalaciones del nuevo Centro Oftalmol\u00f3gico en el nosocomio local.<\/p>\n<p>  Estuvieron presentes integrantes de la comisi\u00f3n directiva del Club de Leones y representantes del proyecto oftalmol\u00f3gico de la instituci\u00f3n, familiares del Dr. Francisco Platero (fundador del Club de Leones de Arrecifes y nombre con que se bautiz\u00f3 el sector), integrantes de la Cooperadora del Hospital, miembros del Gabinete, concejales, empleados municipales y vecinos.<\/p>\n<p>  El nuevo servicio consta de sala de recepci\u00f3n, consultorio y quir\u00f3fano propio, dotado con aparatolog\u00eda m\u00e9dica de \u00faltima generaci\u00f3n donada por el Club de Leones.<\/p>\n<p>  Este nuevo espacio es producto del compromiso con la salud p\u00fablica de la actual gesti\u00f3n municipal y ofrece en nuestra ciudad un servicio de alta calidad en operaciones oculares y tratamientos oftalmol\u00f3gicos.<\/p>\n<p>Fuente: Arrecifes Noticias<\/p>\n","protected":false},"excerpt":{"rendered":"<p>El intendente Javier Olaeta y el director del Hospital Municipal, Dr. Sergio Spago, encabezaron este martes el acto de inauguraci\u00f3n de las instalaciones del nuevo Centro Oftalmol\u00f3gico en el nosocomio local. Estuvieron presentes integrantes de la comisi\u00f3n directiva del Club de Leones y representantes del proyecto oftalmol\u00f3gico de la instituci\u00f3n, familiares del Dr. Francisco Platero [&hellip;]<\/p>\n","protected":false},"author":4,"featured_media":37978,"comment_status":"open","ping_status":"closed","sticky":false,"template":"","format":"standard","meta":{"om_disable_all_campaigns":false,"_jetpack_memberships_contains_paid_content":false,"footnotes":""},"categories":[621],"tags":[],"class_list":["post-37976","post","type-post","status-publish","format-standard","has-post-thumbnail","hentry","category-regionales"],"aioseo_notices":[],"gutentor_comment":0,"jetpack_featured_media_url":"https:\/\/eldiariodesanpedro.com.ar\/sitio\/wp-content\/uploads\/2018\/08\/Se-inauguro-en-el-Hospital-el-Centro-Oftalmologico-Dr.-Francisco-Platero.jpg","jetpack_shortlink":"https:\/\/wp.me\/p6RhLt-9Sw","jetpack_sharing_enabled":true,"_links":{"self":[{"href":"https:\/\/eldiariodesanpedro.com.ar\/sitio\/wp-json\/wp\/v2\/posts\/37976","targetHints":{"allow":["GET"]}}],"collection":[{"href":"https:\/\/eldiariodesanpedro.com.ar\/sitio\/wp-json\/wp\/v2\/posts"}],"about":[{"href":"https:\/\/eldiariodesanpedro.com.ar\/sitio\/wp-json\/wp\/v2\/types\/post"}],"author":[{"embeddable":true,"href":"https:\/\/eldiariodesanpedro.com.ar\/sitio\/wp-json\/wp\/v2\/users\/4"}],"replies":[{"embeddable":true,"href":"https:\/\/eldiariodesanpedro.com.ar\/sitio\/wp-json\/wp\/v2\/comments?post=37976"}],"version-history":[{"count":1,"href":"https:\/\/eldiariodesanpedro.com.ar\/sitio\/wp-json\/wp\/v2\/posts\/37976\/revisions"}],"predecessor-version":[{"id":37980,"href":"https:\/\/eldiariodesanpedro.com.ar\/sitio\/wp-json\/wp\/v2\/posts\/37976\/revisions\/37980"}],"wp:featuredmedia":[{"embeddable":true,"href":"https:\/\/eldiariodesanpedro.com.ar\/sitio\/wp-json\/wp\/v2\/media\/37978"}],"wp:attachment":[{"href":"https:\/\/eldiariodesanpedro.com.ar\/sitio\/wp-json\/wp\/v2\/media?parent=37976"}],"wp:term":[{"taxonomy":"category","embeddable":true,"href":"https:\/\/eldiariodesanpedro.com.ar\/sitio\/wp-json\/wp\/v2\/categories?post=37976"},{"taxonomy":"post_tag","embeddable":true,"href":"https:\/\/eldiariodesanpedro.com.ar\/sitio\/wp-json\/wp\/v2\/tags?post=37976"}],"curies":[{"name":"wp","href":"https:\/\/api.w.org\/{rel}","templated":true}]}}