{"id":37972,"date":"2018-08-08T21:07:46","date_gmt":"2018-08-09T00:07:46","guid":{"rendered":"https:\/\/eldiariodesanpedro.com.ar\/sitio\/?p=37972"},"modified":"2018-08-08T21:07:46","modified_gmt":"2018-08-09T00:07:46","slug":"zarate-el-jueves-se-realizara-un-simulacro-de-accidente-en-la-rotonda-de-ingreso","status":"publish","type":"post","link":"https:\/\/eldiariodesanpedro.com.ar\/sitio\/zarate-el-jueves-se-realizara-un-simulacro-de-accidente-en-la-rotonda-de-ingreso\/","title":{"rendered":"Z\u00c1RATE: El jueves se realizar\u00e1 un simulacro de accidente en la rotonda de ingreso"},"content":{"rendered":"<p><!-- VideographyWP Plugin Message: Automatic video embedding prevented by plugin options. --><br \/>\nEl jueves 9 de agosto a las 10 hs en la rotonda de ingreso a la ciudad se llevar\u00e1 a cabo un nuevo simulacro de emergencia como parte del Plan de Alerta Comunitario ante Emergencias Industriales (PACEI) organizado por el Comit\u00e9 Zonal de Seguridad e Higiene Campana- Z\u00e1rate y Defensa Civil municipal.<\/p>\n<p>  Participar\u00e1n del simulacro los Bomberos Voluntarios de Z\u00e1rate, Campana y Escobar, Gendarmer\u00eda Nacional, Polic\u00eda Bonaerense, Direcci\u00f3n de Prevenci\u00f3n Urbana, las empresas ZARCAM, Terminal Z\u00e1rate, Master Bus y Monsanto, el SEMU y la Cruz Roja.<\/p>\n<p>  El simulacro fingir\u00e1 un accidente vehicular entre un cami\u00f3n que transporta amon\u00edaco, otro transportando veh\u00edculos y un micro que transporta personal hacia una de las f\u00e1bricas de la zona.<\/p>\n<p>  Como el simulacro se llevar\u00e1 a cabo sobre la ruta de ingreso a la ciudad, el tr\u00e1nsito vehicular estar\u00e1 reducido.<br \/>\n  El objetivo es poner en pr\u00e1ctica el Plan PACEI y evaluar la capacidad de respuesta ante una emergencia en la ruta.<\/p>\n<p>  Los responsables tambi\u00e9n utilizar\u00e1n el simulacro para identificar fortalezas y debilidades en la toma de decisiones y ejecuci\u00f3n de acciones realizadas durante una situaci\u00f3n de emergencia.<\/p>\n<p>  Tambi\u00e9n se anunci\u00f3 que el simulacro servir\u00e1 para poner a prueba los equipos y materiales para control de emergencias y para poner en pr\u00e1ctica el conocimiento de los distintos actores en una situaci\u00f3n de emergencia.<\/p>\n<p>Fuente: Enlace Cr\u00edtio<\/p>\n","protected":false},"excerpt":{"rendered":"<p>El jueves 9 de agosto a las 10 hs en la rotonda de ingreso a la ciudad se llevar\u00e1 a cabo un nuevo simulacro de emergencia como parte del Plan de Alerta Comunitario ante Emergencias Industriales (PACEI) organizado por el Comit\u00e9 Zonal de Seguridad e Higiene Campana- Z\u00e1rate y Defensa Civil municipal. Participar\u00e1n del simulacro [&hellip;]<\/p>\n","protected":false},"author":4,"featured_media":37974,"comment_status":"open","ping_status":"closed","sticky":false,"template":"","format":"standard","meta":{"om_disable_all_campaigns":false,"_jetpack_memberships_contains_paid_content":false,"footnotes":""},"categories":[621],"tags":[],"class_list":["post-37972","post","type-post","status-publish","format-standard","has-post-thumbnail","hentry","category-regionales"],"aioseo_notices":[],"gutentor_comment":0,"jetpack_featured_media_url":"https:\/\/eldiariodesanpedro.com.ar\/sitio\/wp-content\/uploads\/2018\/08\/Simulacro-de-emergencia-como-parte-del-Plan-de-Alerta-Comunitario-.jpg","jetpack_shortlink":"https:\/\/wp.me\/p6RhLt-9Ss","jetpack_sharing_enabled":true,"_links":{"self":[{"href":"https:\/\/eldiariodesanpedro.com.ar\/sitio\/wp-json\/wp\/v2\/posts\/37972","targetHints":{"allow":["GET"]}}],"collection":[{"href":"https:\/\/eldiariodesanpedro.com.ar\/sitio\/wp-json\/wp\/v2\/posts"}],"about":[{"href":"https:\/\/eldiariodesanpedro.com.ar\/sitio\/wp-json\/wp\/v2\/types\/post"}],"author":[{"embeddable":true,"href":"https:\/\/eldiariodesanpedro.com.ar\/sitio\/wp-json\/wp\/v2\/users\/4"}],"replies":[{"embeddable":true,"href":"https:\/\/eldiariodesanpedro.com.ar\/sitio\/wp-json\/wp\/v2\/comments?post=37972"}],"version-history":[{"count":2,"href":"https:\/\/eldiariodesanpedro.com.ar\/sitio\/wp-json\/wp\/v2\/posts\/37972\/revisions"}],"predecessor-version":[{"id":37977,"href":"https:\/\/eldiariodesanpedro.com.ar\/sitio\/wp-json\/wp\/v2\/posts\/37972\/revisions\/37977"}],"wp:featuredmedia":[{"embeddable":true,"href":"https:\/\/eldiariodesanpedro.com.ar\/sitio\/wp-json\/wp\/v2\/media\/37974"}],"wp:attachment":[{"href":"https:\/\/eldiariodesanpedro.com.ar\/sitio\/wp-json\/wp\/v2\/media?parent=37972"}],"wp:term":[{"taxonomy":"category","embeddable":true,"href":"https:\/\/eldiariodesanpedro.com.ar\/sitio\/wp-json\/wp\/v2\/categories?post=37972"},{"taxonomy":"post_tag","embeddable":true,"href":"https:\/\/eldiariodesanpedro.com.ar\/sitio\/wp-json\/wp\/v2\/tags?post=37972"}],"curies":[{"name":"wp","href":"https:\/\/api.w.org\/{rel}","templated":true}]}}