{"id":37970,"date":"2018-08-08T21:06:13","date_gmt":"2018-08-09T00:06:13","guid":{"rendered":"https:\/\/eldiariodesanpedro.com.ar\/sitio\/?p=37970"},"modified":"2018-08-08T21:06:13","modified_gmt":"2018-08-09T00:06:13","slug":"campana-ahora-el-asfalto-por-donde-pasa-el-transporte-publico-de-pasajeros-llego-a-la-calle-chacabuco","status":"publish","type":"post","link":"https:\/\/eldiariodesanpedro.com.ar\/sitio\/campana-ahora-el-asfalto-por-donde-pasa-el-transporte-publico-de-pasajeros-llego-a-la-calle-chacabuco\/","title":{"rendered":"CAMPANA: Ahora el asfalto por donde pasa el transporte p\u00fablico de pasajeros lleg\u00f3 a la calle Chacabuco"},"content":{"rendered":"<p><!-- VideographyWP Plugin Message: Automatic video embedding prevented by plugin options. --><br \/>\nEl intendente Abella supervis\u00f3 las obras en el barrio Dallera que son financiadas por Naci\u00f3n y buscan mejorar la circulaci\u00f3n de los colectivos.<\/p>\n<p>  Las obras de asfalto por donde circula el transporte p\u00fablico de pasajeros no se detienen. Y esta semana se desarrollaron sobre la calle Chacabuco del barrio Dallera. <\/p>\n<p>  Se trata de unos 400 metros desde colectora hasta Saavedra que permitir\u00e1 una mejor circulaci\u00f3n y mayor seguridad vial a los vecinos y a los colectivos. <\/p>\n<p>  El intendente Sebasti\u00e1n Abella se acerc\u00f3 este martes al lugar para constatar \u00abin situ\u00bb el progreso de los trabajos que se concretan con fondos provenientes del Ministerio de Transporte de la Naci\u00f3n. <\/p>\n<p>  \u00abEstoy feliz de poder seguir llevando obras a los barrios que cambian la realidad de los vecinos. Porque el asfalto no solo mejora el servicio que brindan los colectivos sino tambi\u00e9n que impactan positivamente en su vida cotidiana al realzar el aspecto de la zona\u00bb, asegur\u00f3 Abella, que adem\u00e1s comparti\u00f3 la alegr\u00eda de los frentistas que se sorprendieron gratamente con la obra. <\/p>\n<p>  \u00abEllos, al igual que yo, est\u00e1n conformes con los trabajos\u00bb, concluy\u00f3 el Intendente.<\/p>\n<p>Fuente: Campana Informa<\/p>\n","protected":false},"excerpt":{"rendered":"<p>El intendente Abella supervis\u00f3 las obras en el barrio Dallera que son financiadas por Naci\u00f3n y buscan mejorar la circulaci\u00f3n de los colectivos. Las obras de asfalto por donde circula el transporte p\u00fablico de pasajeros no se detienen. Y esta semana se desarrollaron sobre la calle Chacabuco del barrio Dallera. Se trata de unos 400 [&hellip;]<\/p>\n","protected":false},"author":4,"featured_media":37971,"comment_status":"open","ping_status":"closed","sticky":false,"template":"","format":"standard","meta":{"om_disable_all_campaigns":false,"_jetpack_memberships_contains_paid_content":false,"footnotes":""},"categories":[621],"tags":[],"class_list":["post-37970","post","type-post","status-publish","format-standard","has-post-thumbnail","hentry","category-regionales"],"aioseo_notices":[],"gutentor_comment":0,"jetpack_featured_media_url":"https:\/\/eldiariodesanpedro.com.ar\/sitio\/wp-content\/uploads\/2018\/08\/campana-Obras-en-el-barrio-Dallera-.jpg","jetpack_shortlink":"https:\/\/wp.me\/p6RhLt-9Sq","jetpack_sharing_enabled":true,"_links":{"self":[{"href":"https:\/\/eldiariodesanpedro.com.ar\/sitio\/wp-json\/wp\/v2\/posts\/37970","targetHints":{"allow":["GET"]}}],"collection":[{"href":"https:\/\/eldiariodesanpedro.com.ar\/sitio\/wp-json\/wp\/v2\/posts"}],"about":[{"href":"https:\/\/eldiariodesanpedro.com.ar\/sitio\/wp-json\/wp\/v2\/types\/post"}],"author":[{"embeddable":true,"href":"https:\/\/eldiariodesanpedro.com.ar\/sitio\/wp-json\/wp\/v2\/users\/4"}],"replies":[{"embeddable":true,"href":"https:\/\/eldiariodesanpedro.com.ar\/sitio\/wp-json\/wp\/v2\/comments?post=37970"}],"version-history":[{"count":1,"href":"https:\/\/eldiariodesanpedro.com.ar\/sitio\/wp-json\/wp\/v2\/posts\/37970\/revisions"}],"predecessor-version":[{"id":37973,"href":"https:\/\/eldiariodesanpedro.com.ar\/sitio\/wp-json\/wp\/v2\/posts\/37970\/revisions\/37973"}],"wp:featuredmedia":[{"embeddable":true,"href":"https:\/\/eldiariodesanpedro.com.ar\/sitio\/wp-json\/wp\/v2\/media\/37971"}],"wp:attachment":[{"href":"https:\/\/eldiariodesanpedro.com.ar\/sitio\/wp-json\/wp\/v2\/media?parent=37970"}],"wp:term":[{"taxonomy":"category","embeddable":true,"href":"https:\/\/eldiariodesanpedro.com.ar\/sitio\/wp-json\/wp\/v2\/categories?post=37970"},{"taxonomy":"post_tag","embeddable":true,"href":"https:\/\/eldiariodesanpedro.com.ar\/sitio\/wp-json\/wp\/v2\/tags?post=37970"}],"curies":[{"name":"wp","href":"https:\/\/api.w.org\/{rel}","templated":true}]}}