{"id":37966,"date":"2018-08-08T20:53:02","date_gmt":"2018-08-08T23:53:02","guid":{"rendered":"https:\/\/eldiariodesanpedro.com.ar\/sitio\/?p=37966"},"modified":"2018-08-08T20:53:02","modified_gmt":"2018-08-08T23:53:02","slug":"anses-informa-requisitos-para-acceder-a-la-asignacion-familiar-por-prenatal","status":"publish","type":"post","link":"https:\/\/eldiariodesanpedro.com.ar\/sitio\/anses-informa-requisitos-para-acceder-a-la-asignacion-familiar-por-prenatal\/","title":{"rendered":"ANSES INFORMA: Requisitos para acceder a la Asignaci\u00f3n Familiar por Prenatal"},"content":{"rendered":"<p><!-- VideographyWP Plugin Message: Automatic video embedding prevented by plugin options. --><br \/>\n  La Asignaci\u00f3n Familiar por Prenatal es el pago que realiza ANSES a los trabajadores registrados, titulares de la Prestaci\u00f3n por Desempleo, de una Aseguradora de Riesgos del Trabajo, de la Pensi\u00f3n Honor\u00edfica de Veteranos de Guerra del Atl\u00e1ntico Sur y monotributistas durante los meses de gestaci\u00f3n y hasta el nacimiento o interrupci\u00f3n del embarazo. <\/p>\n<p>  La titular (cualquiera sea su estado civil) debe contar con una antig\u00fcedad laboral, m\u00ednima y continuada de tres meses a la fecha de concepci\u00f3n, para poder percibir la asignaci\u00f3n junto con el haber mensual; a excepci\u00f3n de los titulares de la Prestaci\u00f3n por Desempleo y de la Pensi\u00f3n Honor\u00edfica de Veteranos de Guerra del Atl\u00e1ntico Sur quienes no requieren antig\u00fcedad.<\/p>\n<p>En caso de que el titular sea masculino, deber\u00e1 tener acreditado ante ANSES la relaci\u00f3n de matrimonio o convivencia con la mujer embarazada.<\/p>\n<p><strong>Grupos de pago para ma\u00f1ana<\/strong><br \/>\nJubilados y pensionados cuyos haberes no superan los $9201 y sus documentos terminan en 1.<br \/>\nTitulares de la Asignaci\u00f3n Universal por Hijo y por Embarazo cuyos documentos terminan en 3.<\/p>\n","protected":false},"excerpt":{"rendered":"<p>La Asignaci\u00f3n Familiar por Prenatal es el pago que realiza ANSES a los trabajadores registrados, titulares de la Prestaci\u00f3n por Desempleo, de una Aseguradora de Riesgos del Trabajo, de la Pensi\u00f3n Honor\u00edfica de Veteranos de Guerra del Atl\u00e1ntico Sur y monotributistas durante los meses de gestaci\u00f3n y hasta el nacimiento o interrupci\u00f3n del embarazo. La [&hellip;]<\/p>\n","protected":false},"author":4,"featured_media":3392,"comment_status":"open","ping_status":"closed","sticky":false,"template":"","format":"standard","meta":{"om_disable_all_campaigns":false,"_jetpack_memberships_contains_paid_content":false,"footnotes":""},"categories":[101,2],"tags":[],"class_list":["post-37966","post","type-post","status-publish","format-standard","has-post-thumbnail","hentry","category-interes-general-locales","category-locales"],"aioseo_notices":[],"gutentor_comment":0,"jetpack_featured_media_url":"https:\/\/eldiariodesanpedro.com.ar\/sitio\/wp-content\/uploads\/2016\/04\/MAT7-ANSES2.jpg","jetpack_shortlink":"https:\/\/wp.me\/p6RhLt-9Sm","jetpack_sharing_enabled":true,"_links":{"self":[{"href":"https:\/\/eldiariodesanpedro.com.ar\/sitio\/wp-json\/wp\/v2\/posts\/37966","targetHints":{"allow":["GET"]}}],"collection":[{"href":"https:\/\/eldiariodesanpedro.com.ar\/sitio\/wp-json\/wp\/v2\/posts"}],"about":[{"href":"https:\/\/eldiariodesanpedro.com.ar\/sitio\/wp-json\/wp\/v2\/types\/post"}],"author":[{"embeddable":true,"href":"https:\/\/eldiariodesanpedro.com.ar\/sitio\/wp-json\/wp\/v2\/users\/4"}],"replies":[{"embeddable":true,"href":"https:\/\/eldiariodesanpedro.com.ar\/sitio\/wp-json\/wp\/v2\/comments?post=37966"}],"version-history":[{"count":1,"href":"https:\/\/eldiariodesanpedro.com.ar\/sitio\/wp-json\/wp\/v2\/posts\/37966\/revisions"}],"predecessor-version":[{"id":37969,"href":"https:\/\/eldiariodesanpedro.com.ar\/sitio\/wp-json\/wp\/v2\/posts\/37966\/revisions\/37969"}],"wp:featuredmedia":[{"embeddable":true,"href":"https:\/\/eldiariodesanpedro.com.ar\/sitio\/wp-json\/wp\/v2\/media\/3392"}],"wp:attachment":[{"href":"https:\/\/eldiariodesanpedro.com.ar\/sitio\/wp-json\/wp\/v2\/media?parent=37966"}],"wp:term":[{"taxonomy":"category","embeddable":true,"href":"https:\/\/eldiariodesanpedro.com.ar\/sitio\/wp-json\/wp\/v2\/categories?post=37966"},{"taxonomy":"post_tag","embeddable":true,"href":"https:\/\/eldiariodesanpedro.com.ar\/sitio\/wp-json\/wp\/v2\/tags?post=37966"}],"curies":[{"name":"wp","href":"https:\/\/api.w.org\/{rel}","templated":true}]}}