{"id":37964,"date":"2018-08-08T20:50:11","date_gmt":"2018-08-08T23:50:11","guid":{"rendered":"https:\/\/eldiariodesanpedro.com.ar\/sitio\/?p=37964"},"modified":"2018-08-08T20:50:11","modified_gmt":"2018-08-08T23:50:11","slug":"en-santa-lucia-desarrollo-humano-brindo-informacion-sobre-la-tramitacion-del-cud","status":"publish","type":"post","link":"https:\/\/eldiariodesanpedro.com.ar\/sitio\/en-santa-lucia-desarrollo-humano-brindo-informacion-sobre-la-tramitacion-del-cud\/","title":{"rendered":"EN SANTA LUC\u00cdA: Desarrollo Humano brind\u00f3 informaci\u00f3n sobre la tramitaci\u00f3n del CUD"},"content":{"rendered":"<p><!-- VideographyWP Plugin Message: Automatic video embedding prevented by plugin options. --><br \/>\nRepresentantes de la Secretar\u00eda de Desarrollo Humano de la Municipalidad de San Pedro mantuvieron una reuni\u00f3n con familiares de adultos mayores y personas con discapacidad en la localidad de Santa Luc\u00eda para interiorizarse sobre diferentes temas relacionados con las atenciones que se brindan y, especialmente, poner a disposici\u00f3n la informaci\u00f3n requerida para gestionar el Certificado \u00danico de Discapacidad CUD.<\/p>\n<p>  Este documento p\u00fablico es v\u00e1lido en todo el pa\u00eds y necesario para poder acceder a las prestaciones correspondientes en las leyes nacionales 22431 y 24901. <\/p>\n<p>  Como se trata de un documento que debe ser evaluado por una junta, es necesario reunir documentaci\u00f3n solicitada y sobre este tema se brindaron explicaciones personales a los familiares. <\/p>\n<p><strong>  La cobertura para quienes acceden al del CUD comprende:<\/strong><\/p>\n<p><em>Salud<\/em>: cobertura del 100% en las prestaciones que requiera en relaci\u00f3n a su discapacidad, incluyendo medicamentos, equipamiento, tratamientos y rehabilitaci\u00f3n.<\/p>\n<p><em>Transporte<\/em>: traslados gratuitos en el transporte p\u00fablico, exenci\u00f3n de pago de peajes y libre estacionamiento, en los lugares permitidos, independientemente del veh\u00edculo.<\/p>\n<p><em>Asignaciones familiares<\/em>: ayuda escolar anual por hijo con discapacidad, asignaci\u00f3n familiar por hijo con discapacidad, asignaci\u00f3n por c\u00f3nyuge con discapacidad.<\/p>\n<p><em>Otros tr\u00e1mites<\/em>: exenci\u00f3n de impuestos (municipales, patentes, entre otros).<\/p>\n","protected":false},"excerpt":{"rendered":"<p>Representantes de la Secretar\u00eda de Desarrollo Humano de la Municipalidad de San Pedro mantuvieron una reuni\u00f3n con familiares de adultos mayores y personas con discapacidad en la localidad de Santa Luc\u00eda para interiorizarse sobre diferentes temas relacionados con las atenciones que se brindan y, especialmente, poner a disposici\u00f3n la informaci\u00f3n requerida para gestionar el Certificado [&hellip;]<\/p>\n","protected":false},"author":4,"featured_media":37965,"comment_status":"open","ping_status":"closed","sticky":false,"template":"","format":"standard","meta":{"om_disable_all_campaigns":false,"_jetpack_memberships_contains_paid_content":false,"footnotes":""},"categories":[101,2],"tags":[],"class_list":["post-37964","post","type-post","status-publish","format-standard","has-post-thumbnail","hentry","category-interes-general-locales","category-locales"],"aioseo_notices":[],"gutentor_comment":0,"jetpack_featured_media_url":"https:\/\/eldiariodesanpedro.com.ar\/sitio\/wp-content\/uploads\/2018\/08\/Tramitaci\u00f3n-del-CUD.jpg","jetpack_shortlink":"https:\/\/wp.me\/p6RhLt-9Sk","jetpack_sharing_enabled":true,"_links":{"self":[{"href":"https:\/\/eldiariodesanpedro.com.ar\/sitio\/wp-json\/wp\/v2\/posts\/37964","targetHints":{"allow":["GET"]}}],"collection":[{"href":"https:\/\/eldiariodesanpedro.com.ar\/sitio\/wp-json\/wp\/v2\/posts"}],"about":[{"href":"https:\/\/eldiariodesanpedro.com.ar\/sitio\/wp-json\/wp\/v2\/types\/post"}],"author":[{"embeddable":true,"href":"https:\/\/eldiariodesanpedro.com.ar\/sitio\/wp-json\/wp\/v2\/users\/4"}],"replies":[{"embeddable":true,"href":"https:\/\/eldiariodesanpedro.com.ar\/sitio\/wp-json\/wp\/v2\/comments?post=37964"}],"version-history":[{"count":1,"href":"https:\/\/eldiariodesanpedro.com.ar\/sitio\/wp-json\/wp\/v2\/posts\/37964\/revisions"}],"predecessor-version":[{"id":37967,"href":"https:\/\/eldiariodesanpedro.com.ar\/sitio\/wp-json\/wp\/v2\/posts\/37964\/revisions\/37967"}],"wp:featuredmedia":[{"embeddable":true,"href":"https:\/\/eldiariodesanpedro.com.ar\/sitio\/wp-json\/wp\/v2\/media\/37965"}],"wp:attachment":[{"href":"https:\/\/eldiariodesanpedro.com.ar\/sitio\/wp-json\/wp\/v2\/media?parent=37964"}],"wp:term":[{"taxonomy":"category","embeddable":true,"href":"https:\/\/eldiariodesanpedro.com.ar\/sitio\/wp-json\/wp\/v2\/categories?post=37964"},{"taxonomy":"post_tag","embeddable":true,"href":"https:\/\/eldiariodesanpedro.com.ar\/sitio\/wp-json\/wp\/v2\/tags?post=37964"}],"curies":[{"name":"wp","href":"https:\/\/api.w.org\/{rel}","templated":true}]}}