{"id":37954,"date":"2018-08-08T20:13:49","date_gmt":"2018-08-08T23:13:49","guid":{"rendered":"https:\/\/eldiariodesanpedro.com.ar\/sitio\/?p=37954"},"modified":"2018-08-08T20:13:49","modified_gmt":"2018-08-08T23:13:49","slug":"se-subio-arriba-de-la-vereda-en-la-moto-y-me-arrebato-la-billetera","status":"publish","type":"post","link":"https:\/\/eldiariodesanpedro.com.ar\/sitio\/se-subio-arriba-de-la-vereda-en-la-moto-y-me-arrebato-la-billetera\/","title":{"rendered":"\u00abSe subi\u00f3 arriba de la vereda en la moto y me arrebato la billetera\u00bb"},"content":{"rendered":"<p><!-- VideographyWP Plugin Message: Automatic video embedding prevented by plugin options. --><br \/>\nEsta tarde del mi\u00e9rcoles, un nuevo echo de il\u00edcito le ocurri\u00f3 a una joven de 35 a\u00f1os de edad, que iba caminando por la vereda cuando sorprendentemente un delincuente en la moto se subi\u00f3 a la misma y le arrebato la billetera que llevaba justo en ese momento en la mano.<\/p>\n<p>\u00abPor suerte no paso a mayores, me agarro desprevenida, iba caminando por Boulevar Moreno al 200 mas o menos, justo hab\u00eda sacado unas cosas de la mochila porque iba a comprar unos bizcochitos, tenia mi mochila colgada en el brazo izquierdo y en la mano derecha tenia el celular y la billetera\u00bb contaba la victima a este medio.<\/p>\n<p>\u00abEn ese momento se sube un tipo en una moto a la vereda, a pleno luz del d\u00eda y con gente caminando en la misma, me arrebata la billetera y me tira el celular al piso, que no le dio tiempo a llev\u00e1rselo tambi\u00e9n, d\u00e1ndose a la fuga por Boulevar Moreno en contramano\u00bb finalizaba diciendo la joven que tristemente agregaba que \u00bb me siento terrible,  pero ni siquiera es  miedo,  si impotencia  y mucha, estamos desprotegidos\u00bb.<\/p>\n<p>La victima no hizo todav\u00eda la denuncia pero si se acerco gente de la polic\u00eda para luego averiguar si se pueden ver en las c\u00e1maras el momento del hecho.<\/p>\n","protected":false},"excerpt":{"rendered":"<p>Esta tarde del mi\u00e9rcoles, un nuevo echo de il\u00edcito le ocurri\u00f3 a una joven de 35 a\u00f1os de edad, que iba caminando por la vereda cuando sorprendentemente un delincuente en la moto se subi\u00f3 a la misma y le arrebato la billetera que llevaba justo en ese momento en la mano. \u00abPor suerte no paso [&hellip;]<\/p>\n","protected":false},"author":4,"featured_media":31244,"comment_status":"open","ping_status":"closed","sticky":false,"template":"","format":"standard","meta":{"om_disable_all_campaigns":false,"_jetpack_memberships_contains_paid_content":false,"footnotes":""},"categories":[50,2,103],"tags":[],"class_list":["post-37954","post","type-post","status-publish","format-standard","has-post-thumbnail","hentry","category-destacadas","category-locales","category-policiales-locales"],"aioseo_notices":[],"gutentor_comment":0,"jetpack_featured_media_url":"https:\/\/eldiariodesanpedro.com.ar\/sitio\/wp-content\/uploads\/2018\/04\/arrebato.jpg","jetpack_shortlink":"https:\/\/wp.me\/p6RhLt-9Sa","jetpack_sharing_enabled":true,"_links":{"self":[{"href":"https:\/\/eldiariodesanpedro.com.ar\/sitio\/wp-json\/wp\/v2\/posts\/37954","targetHints":{"allow":["GET"]}}],"collection":[{"href":"https:\/\/eldiariodesanpedro.com.ar\/sitio\/wp-json\/wp\/v2\/posts"}],"about":[{"href":"https:\/\/eldiariodesanpedro.com.ar\/sitio\/wp-json\/wp\/v2\/types\/post"}],"author":[{"embeddable":true,"href":"https:\/\/eldiariodesanpedro.com.ar\/sitio\/wp-json\/wp\/v2\/users\/4"}],"replies":[{"embeddable":true,"href":"https:\/\/eldiariodesanpedro.com.ar\/sitio\/wp-json\/wp\/v2\/comments?post=37954"}],"version-history":[{"count":1,"href":"https:\/\/eldiariodesanpedro.com.ar\/sitio\/wp-json\/wp\/v2\/posts\/37954\/revisions"}],"predecessor-version":[{"id":37955,"href":"https:\/\/eldiariodesanpedro.com.ar\/sitio\/wp-json\/wp\/v2\/posts\/37954\/revisions\/37955"}],"wp:featuredmedia":[{"embeddable":true,"href":"https:\/\/eldiariodesanpedro.com.ar\/sitio\/wp-json\/wp\/v2\/media\/31244"}],"wp:attachment":[{"href":"https:\/\/eldiariodesanpedro.com.ar\/sitio\/wp-json\/wp\/v2\/media?parent=37954"}],"wp:term":[{"taxonomy":"category","embeddable":true,"href":"https:\/\/eldiariodesanpedro.com.ar\/sitio\/wp-json\/wp\/v2\/categories?post=37954"},{"taxonomy":"post_tag","embeddable":true,"href":"https:\/\/eldiariodesanpedro.com.ar\/sitio\/wp-json\/wp\/v2\/tags?post=37954"}],"curies":[{"name":"wp","href":"https:\/\/api.w.org\/{rel}","templated":true}]}}