{"id":37949,"date":"2018-08-08T18:32:43","date_gmt":"2018-08-08T21:32:43","guid":{"rendered":"https:\/\/eldiariodesanpedro.com.ar\/sitio\/?p=37949"},"modified":"2018-08-08T18:32:43","modified_gmt":"2018-08-08T21:32:43","slug":"mataron-a-sus-perros-ingresaron-a-la-casa-los-maniataron-y-los-golpearon-para-luego-robarles","status":"publish","type":"post","link":"https:\/\/eldiariodesanpedro.com.ar\/sitio\/mataron-a-sus-perros-ingresaron-a-la-casa-los-maniataron-y-los-golpearon-para-luego-robarles\/","title":{"rendered":"Mataron a sus perros, ingresaron a la casa, los maniataron y los golpearon para luego robarles"},"content":{"rendered":"<p><!-- VideographyWP Plugin Message: Automatic video embedding prevented by plugin options. --><br \/>\nUn violento asalto se produjo este mi\u00e9rcoles a la madrugada en nuestra vecina Localidad de Pueblo Doyle. Tres delincuentes maniataron y amenazaron con armas de fuego a una familia pidi\u00e9ndole una suma importante de dinero y robarles el auto para luego escapar.<\/p>\n<p>El terrible hecho delictivo sucedi\u00f3 en una vivienda ubicada en el camino de acceso a Santa Luc\u00eda, frente a la garita de la parada del servicio de transporte p\u00fablico, los ladrones abordaron a la familia luego de asesinar a sus perros e ingresar a la vivienda donde se encontraban todos durmiendo.<\/p>\n<p>En el interior fueron maniatados y golpeados por tres encapuchados armados, donde les exig\u00edan un dinero importante que dec\u00edan que se encontraba en la casa que lograron llevarse parte de el.<\/p>\n<p>Ademas se fugaron en el autom\u00f3vil Volkswagen Suran blanca, patente OPS 814, propiedad de las victimas y  se robaron una computadora, un TV y  electrodom\u00e9sticos varios.<\/p>\n<p>Al escapar, dejaron maniatados a las v\u00edctimas que lograron desatarse cerca de las seis de la ma\u00f1ana para correr hasta la casa de un vecino y dar aviso a la polic\u00eda.<\/p>\n","protected":false},"excerpt":{"rendered":"<p>Un violento asalto se produjo este mi\u00e9rcoles a la madrugada en nuestra vecina Localidad de Pueblo Doyle. Tres delincuentes maniataron y amenazaron con armas de fuego a una familia pidi\u00e9ndole una suma importante de dinero y robarles el auto para luego escapar. El terrible hecho delictivo sucedi\u00f3 en una vivienda ubicada en el camino de [&hellip;]<\/p>\n","protected":false},"author":4,"featured_media":20938,"comment_status":"open","ping_status":"closed","sticky":false,"template":"","format":"standard","meta":{"om_disable_all_campaigns":false,"_jetpack_memberships_contains_paid_content":false,"footnotes":""},"categories":[50,2,103],"tags":[],"class_list":["post-37949","post","type-post","status-publish","format-standard","has-post-thumbnail","hentry","category-destacadas","category-locales","category-policiales-locales"],"aioseo_notices":[],"gutentor_comment":0,"jetpack_featured_media_url":"https:\/\/eldiariodesanpedro.com.ar\/sitio\/wp-content\/uploads\/2017\/07\/patrullero-rural.jpg","jetpack_shortlink":"https:\/\/wp.me\/p6RhLt-9S5","jetpack_sharing_enabled":true,"_links":{"self":[{"href":"https:\/\/eldiariodesanpedro.com.ar\/sitio\/wp-json\/wp\/v2\/posts\/37949","targetHints":{"allow":["GET"]}}],"collection":[{"href":"https:\/\/eldiariodesanpedro.com.ar\/sitio\/wp-json\/wp\/v2\/posts"}],"about":[{"href":"https:\/\/eldiariodesanpedro.com.ar\/sitio\/wp-json\/wp\/v2\/types\/post"}],"author":[{"embeddable":true,"href":"https:\/\/eldiariodesanpedro.com.ar\/sitio\/wp-json\/wp\/v2\/users\/4"}],"replies":[{"embeddable":true,"href":"https:\/\/eldiariodesanpedro.com.ar\/sitio\/wp-json\/wp\/v2\/comments?post=37949"}],"version-history":[{"count":1,"href":"https:\/\/eldiariodesanpedro.com.ar\/sitio\/wp-json\/wp\/v2\/posts\/37949\/revisions"}],"predecessor-version":[{"id":37951,"href":"https:\/\/eldiariodesanpedro.com.ar\/sitio\/wp-json\/wp\/v2\/posts\/37949\/revisions\/37951"}],"wp:featuredmedia":[{"embeddable":true,"href":"https:\/\/eldiariodesanpedro.com.ar\/sitio\/wp-json\/wp\/v2\/media\/20938"}],"wp:attachment":[{"href":"https:\/\/eldiariodesanpedro.com.ar\/sitio\/wp-json\/wp\/v2\/media?parent=37949"}],"wp:term":[{"taxonomy":"category","embeddable":true,"href":"https:\/\/eldiariodesanpedro.com.ar\/sitio\/wp-json\/wp\/v2\/categories?post=37949"},{"taxonomy":"post_tag","embeddable":true,"href":"https:\/\/eldiariodesanpedro.com.ar\/sitio\/wp-json\/wp\/v2\/tags?post=37949"}],"curies":[{"name":"wp","href":"https:\/\/api.w.org\/{rel}","templated":true}]}}