{"id":37938,"date":"2018-08-08T10:30:28","date_gmt":"2018-08-08T13:30:28","guid":{"rendered":"https:\/\/eldiariodesanpedro.com.ar\/sitio\/?p=37938"},"modified":"2018-08-08T10:30:28","modified_gmt":"2018-08-08T13:30:28","slug":"se-secuestro-una-moto-con-pedido-de-secuestro-activo-y-se-aprehendio-a-un-ciudadano-con-paradero-activo","status":"publish","type":"post","link":"https:\/\/eldiariodesanpedro.com.ar\/sitio\/se-secuestro-una-moto-con-pedido-de-secuestro-activo-y-se-aprehendio-a-un-ciudadano-con-paradero-activo\/","title":{"rendered":"Se secuestr\u00f3 una moto con pedido de secuestro activo y se aprehendi\u00f3 a un ciudadano con paradero activo"},"content":{"rendered":"<p><!-- VideographyWP Plugin Message: Automatic video embedding prevented by plugin options. --><br \/>\nEste martes por la tarde  personal de Comisar\u00eda Local conjuntamente con GAD San Nicol\u00e1s, mediante operativo de interceptaci\u00f3n vehicular,  proceden a la aprehensi\u00f3n de un ciudadano de 20 a\u00f1os de edad en intersecci\u00f3n de las calles Boulevard Moreno y Mateos Sbert.<\/p>\n<p>El joven circulaba en una motocicleta Rouser 200 Guerrero Honda Bajaj, la cual registra un pedido activo por una denuncia radicada en la Comisaria 45 de Capital Federal por el delito de Hurto; asimismo se logra establecer que el  dominio colocado (270-IPF) registra un pedido activo por hurto motovehiculo, solicitado por la UFI N\u00b09 Baradero de fecha 13 de Enero de 2018.<\/p>\n<p>Toma intervenci\u00f3n la UFI N\u00b011 quien dispone notificaci\u00f3n de la causa y secuestro del  rodado y chapa. <\/p>\n<p>Tambi\u00e9n se procedi\u00f3 a la aprehensi\u00f3n de un ciudadano de 43 a\u00f1os de edad, quien se encontraba en intersecci\u00f3n de las calles  25 de Mayo y Balcarce, quien al constatar por medio del sistema inform\u00e1tico, registra pedido de paradero activo solicitado por el Juzgado Correccional San Nicol\u00e1s, quien el Magisterio interviniente dispone presentaci\u00f3n  a dicha sede a fines de audiencia.<\/p>\n","protected":false},"excerpt":{"rendered":"<p>Este martes por la tarde personal de Comisar\u00eda Local conjuntamente con GAD San Nicol\u00e1s, mediante operativo de interceptaci\u00f3n vehicular, proceden a la aprehensi\u00f3n de un ciudadano de 20 a\u00f1os de edad en intersecci\u00f3n de las calles Boulevard Moreno y Mateos Sbert. El joven circulaba en una motocicleta Rouser 200 Guerrero Honda Bajaj, la cual registra [&hellip;]<\/p>\n","protected":false},"author":4,"featured_media":30195,"comment_status":"open","ping_status":"closed","sticky":false,"template":"","format":"standard","meta":{"om_disable_all_campaigns":false,"_jetpack_memberships_contains_paid_content":false,"footnotes":""},"categories":[2,103],"tags":[],"class_list":["post-37938","post","type-post","status-publish","format-standard","has-post-thumbnail","hentry","category-locales","category-policiales-locales"],"aioseo_notices":[],"gutentor_comment":0,"jetpack_featured_media_url":"https:\/\/eldiariodesanpedro.com.ar\/sitio\/wp-content\/uploads\/2018\/03\/Aprehendido-y-ofuscado.jpg","jetpack_shortlink":"https:\/\/wp.me\/p6RhLt-9RU","jetpack_sharing_enabled":true,"_links":{"self":[{"href":"https:\/\/eldiariodesanpedro.com.ar\/sitio\/wp-json\/wp\/v2\/posts\/37938","targetHints":{"allow":["GET"]}}],"collection":[{"href":"https:\/\/eldiariodesanpedro.com.ar\/sitio\/wp-json\/wp\/v2\/posts"}],"about":[{"href":"https:\/\/eldiariodesanpedro.com.ar\/sitio\/wp-json\/wp\/v2\/types\/post"}],"author":[{"embeddable":true,"href":"https:\/\/eldiariodesanpedro.com.ar\/sitio\/wp-json\/wp\/v2\/users\/4"}],"replies":[{"embeddable":true,"href":"https:\/\/eldiariodesanpedro.com.ar\/sitio\/wp-json\/wp\/v2\/comments?post=37938"}],"version-history":[{"count":1,"href":"https:\/\/eldiariodesanpedro.com.ar\/sitio\/wp-json\/wp\/v2\/posts\/37938\/revisions"}],"predecessor-version":[{"id":37946,"href":"https:\/\/eldiariodesanpedro.com.ar\/sitio\/wp-json\/wp\/v2\/posts\/37938\/revisions\/37946"}],"wp:featuredmedia":[{"embeddable":true,"href":"https:\/\/eldiariodesanpedro.com.ar\/sitio\/wp-json\/wp\/v2\/media\/30195"}],"wp:attachment":[{"href":"https:\/\/eldiariodesanpedro.com.ar\/sitio\/wp-json\/wp\/v2\/media?parent=37938"}],"wp:term":[{"taxonomy":"category","embeddable":true,"href":"https:\/\/eldiariodesanpedro.com.ar\/sitio\/wp-json\/wp\/v2\/categories?post=37938"},{"taxonomy":"post_tag","embeddable":true,"href":"https:\/\/eldiariodesanpedro.com.ar\/sitio\/wp-json\/wp\/v2\/tags?post=37938"}],"curies":[{"name":"wp","href":"https:\/\/api.w.org\/{rel}","templated":true}]}}