{"id":37912,"date":"2018-08-08T10:04:32","date_gmt":"2018-08-08T13:04:32","guid":{"rendered":"https:\/\/eldiariodesanpedro.com.ar\/sitio\/?p=37912"},"modified":"2018-08-08T10:04:32","modified_gmt":"2018-08-08T13:04:32","slug":"asaltaron-a-un-adolescente-y-le-robaron-el-celular","status":"publish","type":"post","link":"https:\/\/eldiariodesanpedro.com.ar\/sitio\/asaltaron-a-un-adolescente-y-le-robaron-el-celular\/","title":{"rendered":"Asaltaron a un adolescente y le robaron el celular"},"content":{"rendered":"<p><!-- VideographyWP Plugin Message: Automatic video embedding prevented by plugin options. --><br \/>\nEl hecho ocurri\u00f3 este martes en  horas de la noche, en calle Boulevard Moreno y Cruz Roja, cuando dos delincuentes  mediante intimidaci\u00f3n de arma de fuego sorprenden a un adolescente de  16 a\u00f1os de edad que caminaba por el lugar.<\/p>\n<p>La v\u00edctima fue amenazada y pudieron sustraerle una campera y el celular d\u00e1ndose r\u00e1pidamente a la fuga.<\/p>\n<p>Toma intervenci\u00f3n la UFI N\u00b0 11 a cargo de la Dr Ramos<\/p>\n","protected":false},"excerpt":{"rendered":"<p>El hecho ocurri\u00f3 este martes en horas de la noche, en calle Boulevard Moreno y Cruz Roja, cuando dos delincuentes mediante intimidaci\u00f3n de arma de fuego sorprenden a un adolescente de 16 a\u00f1os de edad que caminaba por el lugar. La v\u00edctima fue amenazada y pudieron sustraerle una campera y el celular d\u00e1ndose r\u00e1pidamente a [&hellip;]<\/p>\n","protected":false},"author":4,"featured_media":12674,"comment_status":"open","ping_status":"closed","sticky":false,"template":"","format":"standard","meta":{"om_disable_all_campaigns":false,"_jetpack_memberships_contains_paid_content":false,"footnotes":""},"categories":[2,103],"tags":[],"class_list":["post-37912","post","type-post","status-publish","format-standard","has-post-thumbnail","hentry","category-locales","category-policiales-locales"],"aioseo_notices":[],"gutentor_comment":0,"jetpack_featured_media_url":"https:\/\/eldiariodesanpedro.com.ar\/sitio\/wp-content\/uploads\/2017\/01\/asalto.jpg","jetpack_shortlink":"https:\/\/wp.me\/p6RhLt-9Ru","jetpack_sharing_enabled":true,"_links":{"self":[{"href":"https:\/\/eldiariodesanpedro.com.ar\/sitio\/wp-json\/wp\/v2\/posts\/37912","targetHints":{"allow":["GET"]}}],"collection":[{"href":"https:\/\/eldiariodesanpedro.com.ar\/sitio\/wp-json\/wp\/v2\/posts"}],"about":[{"href":"https:\/\/eldiariodesanpedro.com.ar\/sitio\/wp-json\/wp\/v2\/types\/post"}],"author":[{"embeddable":true,"href":"https:\/\/eldiariodesanpedro.com.ar\/sitio\/wp-json\/wp\/v2\/users\/4"}],"replies":[{"embeddable":true,"href":"https:\/\/eldiariodesanpedro.com.ar\/sitio\/wp-json\/wp\/v2\/comments?post=37912"}],"version-history":[{"count":1,"href":"https:\/\/eldiariodesanpedro.com.ar\/sitio\/wp-json\/wp\/v2\/posts\/37912\/revisions"}],"predecessor-version":[{"id":37931,"href":"https:\/\/eldiariodesanpedro.com.ar\/sitio\/wp-json\/wp\/v2\/posts\/37912\/revisions\/37931"}],"wp:featuredmedia":[{"embeddable":true,"href":"https:\/\/eldiariodesanpedro.com.ar\/sitio\/wp-json\/wp\/v2\/media\/12674"}],"wp:attachment":[{"href":"https:\/\/eldiariodesanpedro.com.ar\/sitio\/wp-json\/wp\/v2\/media?parent=37912"}],"wp:term":[{"taxonomy":"category","embeddable":true,"href":"https:\/\/eldiariodesanpedro.com.ar\/sitio\/wp-json\/wp\/v2\/categories?post=37912"},{"taxonomy":"post_tag","embeddable":true,"href":"https:\/\/eldiariodesanpedro.com.ar\/sitio\/wp-json\/wp\/v2\/tags?post=37912"}],"curies":[{"name":"wp","href":"https:\/\/api.w.org\/{rel}","templated":true}]}}