{"id":37910,"date":"2018-08-08T10:06:20","date_gmt":"2018-08-08T13:06:20","guid":{"rendered":"https:\/\/eldiariodesanpedro.com.ar\/sitio\/?p=37910"},"modified":"2018-08-08T20:51:56","modified_gmt":"2018-08-08T23:51:56","slug":"varios-allanamientos-aprehendidos-y-secuestro-de-armas-en-el-barrio-hermano-indio","status":"publish","type":"post","link":"https:\/\/eldiariodesanpedro.com.ar\/sitio\/varios-allanamientos-aprehendidos-y-secuestro-de-armas-en-el-barrio-hermano-indio\/","title":{"rendered":"Varios allanamientos, aprehendidos y secuestro de armas en el Barrio Hermano Indio"},"content":{"rendered":"<p><!-- VideographyWP Plugin Message: Automatic video embedding prevented by plugin options. --><br \/>\nSe realizaron 12 allanamientos en el barrio Hermano Indio y alrededores, llevados a cabo por personal de la DDI Local, Sub DDI Arrecifes, DDI Z\u00e1rate Campana, DDI Pergamino, personal de la Comisar\u00eda, CPR, UPPL San Pedro, GAD, Narcotr\u00e1fico e Infanter\u00eda San Nicol\u00e1s.<\/p>\n<p>Los operativos se efectuaron mas precisamente  en una vivienda de Cruz Roja y Hermano Indio, otro en Pueyrred\u00f3n al 1400, Javier Rivero y Pueyrred\u00f3n, Javier Rivero 700, dos allanamientos se efectuaron en Pueyrred\u00f3n al 1300, y otro en Soldado Almonacid al 700. Los restantes operativos se llevaron a cabo en Javier Rivero y Ayacucho, Hermano Indio al 600 y Pueyrred\u00f3n 1500.<\/p>\n<p>La causa, investigada por la UFI N\u00ba 11 fue caratulada como \u201cabuso de arma reiterados \u2013 amenazas agravadas\u201d, producto de peleas que se desarrollaban a diario entre vecinos, por problemas de vieja data, donde se efectuaban disparos entre s\u00ed y contra viviendas. Producto de la investigaci\u00f3n realizada por la DDI San Pedro \u2013 Baradero se pudo identificar a los autores del hecho.<br \/>\n  Los procedimientos se realizaron en las primeras horas del mi\u00e9rcoles pasadas las 07 hs en 12 domicilios del barrio Hermano Indio, dentro y fuera de los pasillos.<br \/>\n  Cuando comenzaron con las diligencias hubo cierta resistencia en los residentes de las viviendas.<\/p>\n<p>Resultado del Operativo<\/p>\n<p>  Como resultado seis personas resultaron aprehendidas, cinco hombres y una mujer, dos rev\u00f3lveres, una escopeta winchester, una pistola calibre 22, cinco proyectiles calibre 45, seis proyectiles calibre 40, doce proyectiles calibre 22, cuatro cartuchos calibre 16, un cinto de cuero porta cartuchos, un cargador de pistola calibre 40 y tres armas de fabricaci\u00f3n tumberas calibre 16.<br \/>\n  Las personas aprehendidas fueron trasladadas a la Comisar\u00eda local donde esperar\u00e1n hasta declarar en la Fiscal\u00eda. Tras los procedimientos, la UFI N\u00ba 11 determin\u00f3 que la causa sea caratulada como: \u201cabuso de armas y amenazas agravadas reiteradas \u2013 tenencia de arma de fuego y munici\u00f3n de uso civil \u2013 tenencia de arma de fuego y munici\u00f3n de guerra\u201d.<\/p>\n<p>Mas tarde se pudo establecer que solo tres hombres quedaron detenidos, ahora es el Juez de Garant\u00edas, Dr. Ricardo Pratti, quien deber\u00e1 resolver sobre la situaci\u00f3n procesal de los tres imputados de 22, 26 y 32 a\u00f1os, quienes est\u00e1n acusados de protagonizar diversos hechos de violencia en el barrio Hermano Indio quienes cuentan con frondosos antecedentes y uno de ellos fue part\u00edcipe de un resonante caso, de la muerte de Mar\u00eda Florencia Cresta, hace cuatro a\u00f1os.<\/p>\n<p><img decoding=\"async\" data-attachment-id=\"37944\" data-permalink=\"https:\/\/eldiariodesanpedro.com.ar\/sitio\/varios-allanamientos-aprehendidos-y-secuestro-de-armas-en-el-barrio-hermano-indio\/8f3855a0-597e-45fc-84cc-5b1b8a0cf75f\/\" data-orig-file=\"https:\/\/eldiariodesanpedro.com.ar\/sitio\/wp-content\/uploads\/2018\/08\/8f3855a0-597e-45fc-84cc-5b1b8a0cf75f.jpg\" data-orig-size=\"480,640\" data-comments-opened=\"1\" data-image-meta=\"{&quot;aperture&quot;:&quot;0&quot;,&quot;credit&quot;:&quot;&quot;,&quot;camera&quot;:&quot;&quot;,&quot;caption&quot;:&quot;&quot;,&quot;created_timestamp&quot;:&quot;0&quot;,&quot;copyright&quot;:&quot;&quot;,&quot;focal_length&quot;:&quot;0&quot;,&quot;iso&quot;:&quot;0&quot;,&quot;shutter_speed&quot;:&quot;0&quot;,&quot;title&quot;:&quot;&quot;,&quot;orientation&quot;:&quot;0&quot;}\" data-image-title=\"8f3855a0-597e-45fc-84cc-5b1b8a0cf75f\" data-image-description=\"\" data-image-caption=\"\" data-large-file=\"https:\/\/eldiariodesanpedro.com.ar\/sitio\/wp-content\/uploads\/2018\/08\/8f3855a0-597e-45fc-84cc-5b1b8a0cf75f.jpg\" class=\"size-full wp-image-37944 aligncenter lazyload\" data-src=\"https:\/\/eldiariodesanpedro.com.ar\/sitio\/wp-content\/uploads\/2018\/08\/8f3855a0-597e-45fc-84cc-5b1b8a0cf75f.jpg\" alt=\"\" width=\"480\" height=\"640\" data-srcset=\"https:\/\/eldiariodesanpedro.com.ar\/sitio\/wp-content\/uploads\/2018\/08\/8f3855a0-597e-45fc-84cc-5b1b8a0cf75f.jpg 480w, https:\/\/eldiariodesanpedro.com.ar\/sitio\/wp-content\/uploads\/2018\/08\/8f3855a0-597e-45fc-84cc-5b1b8a0cf75f-225x300.jpg 225w\" data-sizes=\"(max-width: 480px) 100vw, 480px\" src=\"data:image\/svg+xml;base64,PHN2ZyB3aWR0aD0iMSIgaGVpZ2h0PSIxIiB4bWxucz0iaHR0cDovL3d3dy53My5vcmcvMjAwMC9zdmciPjwvc3ZnPg==\" style=\"--smush-placeholder-width: 480px; --smush-placeholder-aspect-ratio: 480\/640;\" \/><\/p>\n<p><img decoding=\"async\" data-attachment-id=\"37922\" data-permalink=\"https:\/\/eldiariodesanpedro.com.ar\/sitio\/varios-allanamientos-aprehendidos-y-secuestro-de-armas-en-el-barrio-hermano-indio\/20180808_090326\/\" data-orig-file=\"https:\/\/eldiariodesanpedro.com.ar\/sitio\/wp-content\/uploads\/2018\/08\/20180808_090326-e1533733753428.jpg\" data-orig-size=\"1200,583\" data-comments-opened=\"1\" data-image-meta=\"{&quot;aperture&quot;:&quot;2.4&quot;,&quot;credit&quot;:&quot;&quot;,&quot;camera&quot;:&quot;SM-N950F&quot;,&quot;caption&quot;:&quot;&quot;,&quot;created_timestamp&quot;:&quot;1533719006&quot;,&quot;copyright&quot;:&quot;&quot;,&quot;focal_length&quot;:&quot;6&quot;,&quot;iso&quot;:&quot;40&quot;,&quot;shutter_speed&quot;:&quot;0.02&quot;,&quot;title&quot;:&quot;&quot;,&quot;orientation&quot;:&quot;1&quot;}\" data-image-title=\"20180808_090326\" data-image-description=\"\" data-image-caption=\"\" data-large-file=\"https:\/\/eldiariodesanpedro.com.ar\/sitio\/wp-content\/uploads\/2018\/08\/20180808_090326-1024x498.jpg\" class=\"size-large wp-image-37922 aligncenter lazyload\" data-src=\"https:\/\/eldiariodesanpedro.com.ar\/sitio\/wp-content\/uploads\/2018\/08\/20180808_090326-1024x498.jpg\" alt=\"\" width=\"660\" height=\"321\" src=\"data:image\/svg+xml;base64,PHN2ZyB3aWR0aD0iMSIgaGVpZ2h0PSIxIiB4bWxucz0iaHR0cDovL3d3dy53My5vcmcvMjAwMC9zdmciPjwvc3ZnPg==\" style=\"--smush-placeholder-width: 660px; --smush-placeholder-aspect-ratio: 660\/321;\" \/><\/p>\n<p><img decoding=\"async\" data-attachment-id=\"37920\" data-permalink=\"https:\/\/eldiariodesanpedro.com.ar\/sitio\/varios-allanamientos-aprehendidos-y-secuestro-de-armas-en-el-barrio-hermano-indio\/20180808_085953\/\" data-orig-file=\"https:\/\/eldiariodesanpedro.com.ar\/sitio\/wp-content\/uploads\/2018\/08\/20180808_085953-e1533733785250.jpg\" data-orig-size=\"1200,583\" data-comments-opened=\"1\" data-image-meta=\"{&quot;aperture&quot;:&quot;2.4&quot;,&quot;credit&quot;:&quot;&quot;,&quot;camera&quot;:&quot;SM-N950F&quot;,&quot;caption&quot;:&quot;&quot;,&quot;created_timestamp&quot;:&quot;1533718793&quot;,&quot;copyright&quot;:&quot;&quot;,&quot;focal_length&quot;:&quot;6&quot;,&quot;iso&quot;:&quot;32&quot;,&quot;shutter_speed&quot;:&quot;0.01&quot;,&quot;title&quot;:&quot;&quot;,&quot;orientation&quot;:&quot;1&quot;}\" data-image-title=\"20180808_085953\" data-image-description=\"\" data-image-caption=\"\" data-large-file=\"https:\/\/eldiariodesanpedro.com.ar\/sitio\/wp-content\/uploads\/2018\/08\/20180808_085953-1024x498.jpg\" class=\"size-large wp-image-37920 aligncenter lazyload\" data-src=\"https:\/\/eldiariodesanpedro.com.ar\/sitio\/wp-content\/uploads\/2018\/08\/20180808_085953-1024x498.jpg\" alt=\"\" width=\"660\" height=\"321\" src=\"data:image\/svg+xml;base64,PHN2ZyB3aWR0aD0iMSIgaGVpZ2h0PSIxIiB4bWxucz0iaHR0cDovL3d3dy53My5vcmcvMjAwMC9zdmciPjwvc3ZnPg==\" style=\"--smush-placeholder-width: 660px; --smush-placeholder-aspect-ratio: 660\/321;\" \/><\/p>\n<p><img decoding=\"async\" data-attachment-id=\"37921\" data-permalink=\"https:\/\/eldiariodesanpedro.com.ar\/sitio\/varios-allanamientos-aprehendidos-y-secuestro-de-armas-en-el-barrio-hermano-indio\/20180808_082504\/\" data-orig-file=\"https:\/\/eldiariodesanpedro.com.ar\/sitio\/wp-content\/uploads\/2018\/08\/20180808_082504-e1533733805601.jpg\" data-orig-size=\"1200,675\" data-comments-opened=\"1\" data-image-meta=\"{&quot;aperture&quot;:&quot;1.7&quot;,&quot;credit&quot;:&quot;&quot;,&quot;camera&quot;:&quot;SM-N950F&quot;,&quot;caption&quot;:&quot;&quot;,&quot;created_timestamp&quot;:&quot;1533716704&quot;,&quot;copyright&quot;:&quot;&quot;,&quot;focal_length&quot;:&quot;4.3&quot;,&quot;iso&quot;:&quot;80&quot;,&quot;shutter_speed&quot;:&quot;0.02&quot;,&quot;title&quot;:&quot;&quot;,&quot;orientation&quot;:&quot;1&quot;}\" data-image-title=\"20180808_082504\" data-image-description=\"\" data-image-caption=\"\" data-large-file=\"https:\/\/eldiariodesanpedro.com.ar\/sitio\/wp-content\/uploads\/2018\/08\/20180808_082504-1024x576.jpg\" class=\"size-large wp-image-37921 aligncenter lazyload\" data-src=\"https:\/\/eldiariodesanpedro.com.ar\/sitio\/wp-content\/uploads\/2018\/08\/20180808_082504-1024x576.jpg\" alt=\"\" width=\"660\" height=\"371\" src=\"data:image\/svg+xml;base64,PHN2ZyB3aWR0aD0iMSIgaGVpZ2h0PSIxIiB4bWxucz0iaHR0cDovL3d3dy53My5vcmcvMjAwMC9zdmciPjwvc3ZnPg==\" style=\"--smush-placeholder-width: 660px; --smush-placeholder-aspect-ratio: 660\/371;\" \/><\/p>\n<p><img decoding=\"async\" data-attachment-id=\"37927\" data-permalink=\"https:\/\/eldiariodesanpedro.com.ar\/sitio\/varios-allanamientos-aprehendidos-y-secuestro-de-armas-en-el-barrio-hermano-indio\/20180808_082540\/\" data-orig-file=\"https:\/\/eldiariodesanpedro.com.ar\/sitio\/wp-content\/uploads\/2018\/08\/20180808_082540-e1533733519552.jpg\" data-orig-size=\"1200,675\" data-comments-opened=\"1\" data-image-meta=\"{&quot;aperture&quot;:&quot;2.4&quot;,&quot;credit&quot;:&quot;&quot;,&quot;camera&quot;:&quot;SM-N950F&quot;,&quot;caption&quot;:&quot;&quot;,&quot;created_timestamp&quot;:&quot;1533716740&quot;,&quot;copyright&quot;:&quot;&quot;,&quot;focal_length&quot;:&quot;6&quot;,&quot;iso&quot;:&quot;40&quot;,&quot;shutter_speed&quot;:&quot;0.03030303030303&quot;,&quot;title&quot;:&quot;&quot;,&quot;orientation&quot;:&quot;1&quot;}\" data-image-title=\"20180808_082540\" data-image-description=\"\" data-image-caption=\"\" data-large-file=\"https:\/\/eldiariodesanpedro.com.ar\/sitio\/wp-content\/uploads\/2018\/08\/20180808_082540-1024x576.jpg\" class=\"size-large wp-image-37927 aligncenter lazyload\" data-src=\"https:\/\/eldiariodesanpedro.com.ar\/sitio\/wp-content\/uploads\/2018\/08\/20180808_082540-1024x576.jpg\" alt=\"\" width=\"660\" height=\"371\" src=\"data:image\/svg+xml;base64,PHN2ZyB3aWR0aD0iMSIgaGVpZ2h0PSIxIiB4bWxucz0iaHR0cDovL3d3dy53My5vcmcvMjAwMC9zdmciPjwvc3ZnPg==\" style=\"--smush-placeholder-width: 660px; --smush-placeholder-aspect-ratio: 660\/371;\" \/><\/p>\n<p><img decoding=\"async\" data-attachment-id=\"37930\" data-permalink=\"https:\/\/eldiariodesanpedro.com.ar\/sitio\/varios-allanamientos-aprehendidos-y-secuestro-de-armas-en-el-barrio-hermano-indio\/20180808_083147\/\" data-orig-file=\"https:\/\/eldiariodesanpedro.com.ar\/sitio\/wp-content\/uploads\/2018\/08\/20180808_083147-e1533733947373.jpg\" data-orig-size=\"1200,583\" data-comments-opened=\"1\" data-image-meta=\"{&quot;aperture&quot;:&quot;1.7&quot;,&quot;credit&quot;:&quot;&quot;,&quot;camera&quot;:&quot;SM-N950F&quot;,&quot;caption&quot;:&quot;&quot;,&quot;created_timestamp&quot;:&quot;1533717107&quot;,&quot;copyright&quot;:&quot;&quot;,&quot;focal_length&quot;:&quot;4.3&quot;,&quot;iso&quot;:&quot;80&quot;,&quot;shutter_speed&quot;:&quot;0.01&quot;,&quot;title&quot;:&quot;&quot;,&quot;orientation&quot;:&quot;1&quot;}\" data-image-title=\"20180808_083147\" data-image-description=\"\" data-image-caption=\"\" data-large-file=\"https:\/\/eldiariodesanpedro.com.ar\/sitio\/wp-content\/uploads\/2018\/08\/20180808_083147-1024x498.jpg\" class=\"size-large wp-image-37930 aligncenter lazyload\" data-src=\"https:\/\/eldiariodesanpedro.com.ar\/sitio\/wp-content\/uploads\/2018\/08\/20180808_083147-1024x498.jpg\" alt=\"\" width=\"660\" height=\"321\" src=\"data:image\/svg+xml;base64,PHN2ZyB3aWR0aD0iMSIgaGVpZ2h0PSIxIiB4bWxucz0iaHR0cDovL3d3dy53My5vcmcvMjAwMC9zdmciPjwvc3ZnPg==\" style=\"--smush-placeholder-width: 660px; --smush-placeholder-aspect-ratio: 660\/321;\" \/><\/p>\n<p><img decoding=\"async\" data-attachment-id=\"37932\" data-permalink=\"https:\/\/eldiariodesanpedro.com.ar\/sitio\/varios-allanamientos-aprehendidos-y-secuestro-de-armas-en-el-barrio-hermano-indio\/20180808_082533\/\" data-orig-file=\"https:\/\/eldiariodesanpedro.com.ar\/sitio\/wp-content\/uploads\/2018\/08\/20180808_082533-e1533733871482.jpg\" data-orig-size=\"1200,675\" data-comments-opened=\"1\" data-image-meta=\"{&quot;aperture&quot;:&quot;1.7&quot;,&quot;credit&quot;:&quot;&quot;,&quot;camera&quot;:&quot;SM-N950F&quot;,&quot;caption&quot;:&quot;&quot;,&quot;created_timestamp&quot;:&quot;1533716732&quot;,&quot;copyright&quot;:&quot;&quot;,&quot;focal_length&quot;:&quot;4.3&quot;,&quot;iso&quot;:&quot;64&quot;,&quot;shutter_speed&quot;:&quot;0.01&quot;,&quot;title&quot;:&quot;&quot;,&quot;orientation&quot;:&quot;1&quot;}\" data-image-title=\"20180808_082533\" data-image-description=\"\" data-image-caption=\"\" data-large-file=\"https:\/\/eldiariodesanpedro.com.ar\/sitio\/wp-content\/uploads\/2018\/08\/20180808_082533-1024x576.jpg\" class=\"size-large wp-image-37932 aligncenter lazyload\" data-src=\"https:\/\/eldiariodesanpedro.com.ar\/sitio\/wp-content\/uploads\/2018\/08\/20180808_082533-1024x576.jpg\" alt=\"\" width=\"660\" height=\"371\" src=\"data:image\/svg+xml;base64,PHN2ZyB3aWR0aD0iMSIgaGVpZ2h0PSIxIiB4bWxucz0iaHR0cDovL3d3dy53My5vcmcvMjAwMC9zdmciPjwvc3ZnPg==\" style=\"--smush-placeholder-width: 660px; --smush-placeholder-aspect-ratio: 660\/371;\" \/><\/p>\n<p><img decoding=\"async\" data-attachment-id=\"37936\" data-permalink=\"https:\/\/eldiariodesanpedro.com.ar\/sitio\/varios-allanamientos-aprehendidos-y-secuestro-de-armas-en-el-barrio-hermano-indio\/20180808_084450\/\" data-orig-file=\"https:\/\/eldiariodesanpedro.com.ar\/sitio\/wp-content\/uploads\/2018\/08\/20180808_084450-e1533733918898.jpg\" data-orig-size=\"1200,583\" data-comments-opened=\"1\" data-image-meta=\"{&quot;aperture&quot;:&quot;2.4&quot;,&quot;credit&quot;:&quot;&quot;,&quot;camera&quot;:&quot;SM-N950F&quot;,&quot;caption&quot;:&quot;&quot;,&quot;created_timestamp&quot;:&quot;1533717890&quot;,&quot;copyright&quot;:&quot;&quot;,&quot;focal_length&quot;:&quot;6&quot;,&quot;iso&quot;:&quot;25&quot;,&quot;shutter_speed&quot;:&quot;0.018518518518519&quot;,&quot;title&quot;:&quot;&quot;,&quot;orientation&quot;:&quot;1&quot;}\" data-image-title=\"20180808_084450\" data-image-description=\"\" data-image-caption=\"\" data-large-file=\"https:\/\/eldiariodesanpedro.com.ar\/sitio\/wp-content\/uploads\/2018\/08\/20180808_084450-1024x498.jpg\" class=\"size-large wp-image-37936 aligncenter lazyload\" data-src=\"https:\/\/eldiariodesanpedro.com.ar\/sitio\/wp-content\/uploads\/2018\/08\/20180808_084450-1024x498.jpg\" alt=\"\" width=\"660\" height=\"321\" src=\"data:image\/svg+xml;base64,PHN2ZyB3aWR0aD0iMSIgaGVpZ2h0PSIxIiB4bWxucz0iaHR0cDovL3d3dy53My5vcmcvMjAwMC9zdmciPjwvc3ZnPg==\" style=\"--smush-placeholder-width: 660px; --smush-placeholder-aspect-ratio: 660\/321;\" \/><\/p>\n","protected":false},"excerpt":{"rendered":"<p>Se realizaron 12 allanamientos en el barrio Hermano Indio y alrededores, llevados a cabo por personal de la DDI Local, Sub DDI Arrecifes, DDI Z\u00e1rate Campana, DDI Pergamino, personal de la Comisar\u00eda, CPR, UPPL San Pedro, GAD, Narcotr\u00e1fico e Infanter\u00eda San Nicol\u00e1s. Los operativos se efectuaron mas precisamente en una vivienda de Cruz Roja y [&hellip;]<\/p>\n","protected":false},"author":4,"featured_media":37927,"comment_status":"open","ping_status":"closed","sticky":false,"template":"","format":"standard","meta":{"om_disable_all_campaigns":false,"_jetpack_memberships_contains_paid_content":false,"footnotes":""},"categories":[50,2,103],"tags":[],"class_list":["post-37910","post","type-post","status-publish","format-standard","has-post-thumbnail","hentry","category-destacadas","category-locales","category-policiales-locales"],"aioseo_notices":[],"gutentor_comment":0,"jetpack_featured_media_url":"https:\/\/eldiariodesanpedro.com.ar\/sitio\/wp-content\/uploads\/2018\/08\/20180808_082540-e1533733519552.jpg","jetpack_shortlink":"https:\/\/wp.me\/p6RhLt-9Rs","jetpack_sharing_enabled":true,"_links":{"self":[{"href":"https:\/\/eldiariodesanpedro.com.ar\/sitio\/wp-json\/wp\/v2\/posts\/37910","targetHints":{"allow":["GET"]}}],"collection":[{"href":"https:\/\/eldiariodesanpedro.com.ar\/sitio\/wp-json\/wp\/v2\/posts"}],"about":[{"href":"https:\/\/eldiariodesanpedro.com.ar\/sitio\/wp-json\/wp\/v2\/types\/post"}],"author":[{"embeddable":true,"href":"https:\/\/eldiariodesanpedro.com.ar\/sitio\/wp-json\/wp\/v2\/users\/4"}],"replies":[{"embeddable":true,"href":"https:\/\/eldiariodesanpedro.com.ar\/sitio\/wp-json\/wp\/v2\/comments?post=37910"}],"version-history":[{"count":9,"href":"https:\/\/eldiariodesanpedro.com.ar\/sitio\/wp-json\/wp\/v2\/posts\/37910\/revisions"}],"predecessor-version":[{"id":37968,"href":"https:\/\/eldiariodesanpedro.com.ar\/sitio\/wp-json\/wp\/v2\/posts\/37910\/revisions\/37968"}],"wp:featuredmedia":[{"embeddable":true,"href":"https:\/\/eldiariodesanpedro.com.ar\/sitio\/wp-json\/wp\/v2\/media\/37927"}],"wp:attachment":[{"href":"https:\/\/eldiariodesanpedro.com.ar\/sitio\/wp-json\/wp\/v2\/media?parent=37910"}],"wp:term":[{"taxonomy":"category","embeddable":true,"href":"https:\/\/eldiariodesanpedro.com.ar\/sitio\/wp-json\/wp\/v2\/categories?post=37910"},{"taxonomy":"post_tag","embeddable":true,"href":"https:\/\/eldiariodesanpedro.com.ar\/sitio\/wp-json\/wp\/v2\/tags?post=37910"}],"curies":[{"name":"wp","href":"https:\/\/api.w.org\/{rel}","templated":true}]}}