{"id":37904,"date":"2018-08-07T21:13:21","date_gmt":"2018-08-08T00:13:21","guid":{"rendered":"https:\/\/eldiariodesanpedro.com.ar\/sitio\/?p=37904"},"modified":"2026-01-24T00:11:18","modified_gmt":"2026-01-24T03:11:18","slug":"automovilismo-el-rally-paso-por-pergamino","status":"publish","type":"post","link":"https:\/\/eldiariodesanpedro.com.ar\/sitio\/automovilismo-el-rally-paso-por-pergamino\/","title":{"rendered":"AUTOMOVILISMO: El Rally pas\u00f3 por Pergamino"},"content":{"rendered":"<p><!-- VideographyWP Plugin Message: Automatic video embedding prevented by plugin options. --><br \/>\nEn una carrera sumamente intensa del Rally Federal, la familia Solmi sigue mostr\u00e1ndose entre los referentes en la clase N3 y N7. Este pasado fin de semana, se corri\u00f3 la quinta fecha del calendario en la ciudad de Pergamino, donde m\u00e1s de medio centenar de autos y una innumerable cantidad de espectadores dieron el marco perfecto a lo que ya se denomina, la carrera del a\u00f1o.<\/p>\n<p>  El viernes la actividad inici\u00f3 con la largada simb\u00f3lica, donde los 52 autos habilitados para largar la competencia se dieron cita en el centro Pergaminense, poni\u00e9ndole color y calor a la fresca noche. M\u00e1s de tres cuadras fueron la que ocuparon los espectadores para ver el espect\u00e1culo de cerca.<\/p>\n<p>  El s\u00e1bado se puso en marcha la actividad cronometrada, donde los sampedrinos quer\u00edan ser protagonista en sus divisionales.<\/p>\n<p>  V\u00edctor Manuel Solmi, junto a Cristian Luconi en la navegaci\u00f3n, tuvieron complicaciones en la primera parte de la carrera. El varillaje de la caja de velocidades le jug\u00f3 una mala pasada, retras\u00e1ndolo en el clasificador, en la asistencia el equipo soluciono el problema y pudo salir a la \u00faltima secci\u00f3n con todo el orden y bajar los tiempos para cerrar la jornada en el quinto puesto.<\/p>\n<p>  \u201cViti\u201d Solmi junto a Nerea, su hija, no pudieron cerrar una buena primera etapa, ya que cuando transitaban la \u00faltima prueba cronometrada rompieron un elemento del tren delantero, esto le ocasion\u00f3 quedar al costado del camino por primera vez en la temporada.<\/p>\n<p>  En la \u00faltima etapa, la del d\u00eda domingo, la carrera iba a ser igual que exigente que el d\u00eda anterior, ya que los caminos se fueron rompiendo y se volvieron muy peligrosos al mezclarse con la velocidad en que se los transitaban, llegaron a superar los 115 kil\u00f3metros de promedio.<\/p>\n<p>  En la N7, V\u00edctor Manuel sali\u00f3 a redondear una buena carrera, logrando mantener la quinta ubicaci\u00f3n, logrando terminar su segunda carrera de la temporada y recobrando la confianza con el auto.<\/p>\n<p>  Por otra parte, en la N3 el campe\u00f3n, \u201cViti\u201d Solmi se qued\u00f3 con el segundo puesto en la etapa, y un tercer lugar en la clasificaci\u00f3n general. Con este resultado sigue manteniendo la punta del campeonato y estira su diferencia con su rival.<\/p>\n<p>  La pr\u00f3xima competencia del Rally Federal ser\u00e1 los d\u00edas 14, 15 y 16 de septiembre en la ciudad de Arrecifes.<\/p>\n<p><img decoding=\"async\" data-attachment-id=\"37907\" data-permalink=\"https:\/\/eldiariodesanpedro.com.ar\/sitio\/automovilismo-el-rally-paso-por-pergamino\/la-llegada-de-solmi\/\" data-orig-file=\"https:\/\/eldiariodesanpedro.com.ar\/sitio\/wp-content\/uploads\/2018\/08\/La-llegada-de-Solmi.jpg\" data-orig-size=\"2048,1360\" data-comments-opened=\"1\" data-image-meta=\"{&quot;aperture&quot;:&quot;0&quot;,&quot;credit&quot;:&quot;&quot;,&quot;camera&quot;:&quot;&quot;,&quot;caption&quot;:&quot;&quot;,&quot;created_timestamp&quot;:&quot;0&quot;,&quot;copyright&quot;:&quot;&quot;,&quot;focal_length&quot;:&quot;0&quot;,&quot;iso&quot;:&quot;0&quot;,&quot;shutter_speed&quot;:&quot;0&quot;,&quot;title&quot;:&quot;&quot;,&quot;orientation&quot;:&quot;0&quot;}\" data-image-title=\"La llegada de Solmi\" data-image-description=\"\" data-image-caption=\"\" data-large-file=\"https:\/\/eldiariodesanpedro.com.ar\/sitio\/wp-content\/uploads\/2018\/08\/La-llegada-de-Solmi-1024x680.jpg\" data-src=\"https:\/\/eldiariodesanpedro.com.ar\/sitio\/wp-content\/uploads\/2018\/08\/La-llegada-de-Solmi-1024x680.jpg\" alt=\"\" width=\"660\" height=\"438\" class=\"alignnone size-large wp-image-37907 lazyload\" data-srcset=\"https:\/\/eldiariodesanpedro.com.ar\/sitio\/wp-content\/uploads\/2018\/08\/La-llegada-de-Solmi-1024x680.jpg 1024w, https:\/\/eldiariodesanpedro.com.ar\/sitio\/wp-content\/uploads\/2018\/08\/La-llegada-de-Solmi-300x199.jpg 300w, https:\/\/eldiariodesanpedro.com.ar\/sitio\/wp-content\/uploads\/2018\/08\/La-llegada-de-Solmi-768x510.jpg 768w, https:\/\/eldiariodesanpedro.com.ar\/sitio\/wp-content\/uploads\/2018\/08\/La-llegada-de-Solmi.jpg 2048w\" data-sizes=\"(max-width: 660px) 100vw, 660px\" src=\"data:image\/svg+xml;base64,PHN2ZyB3aWR0aD0iMSIgaGVpZ2h0PSIxIiB4bWxucz0iaHR0cDovL3d3dy53My5vcmcvMjAwMC9zdmciPjwvc3ZnPg==\" style=\"--smush-placeholder-width: 660px; --smush-placeholder-aspect-ratio: 660\/438;\" \/><br \/>\n<strong>La llegada de Solmi<\/strong><\/p>\n","protected":false},"excerpt":{"rendered":"<p>En una carrera sumamente intensa del Rally Federal, la familia Solmi sigue mostr\u00e1ndose entre los referentes en la clase N3 y N7. Este pasado fin de semana, se corri\u00f3 la quinta fecha del calendario en la ciudad de Pergamino, donde m\u00e1s de medio centenar de autos y una innumerable cantidad de espectadores dieron el marco [&hellip;]<\/p>\n","protected":false},"author":4,"featured_media":37906,"comment_status":"open","ping_status":"closed","sticky":false,"template":"","format":"standard","meta":{"om_disable_all_campaigns":false,"_jetpack_memberships_contains_paid_content":false,"footnotes":""},"categories":[5],"tags":[],"class_list":["post-37904","post","type-post","status-publish","format-standard","has-post-thumbnail","hentry","category-deportes"],"aioseo_notices":[],"gutentor_comment":0,"jetpack_featured_media_url":"https:\/\/eldiariodesanpedro.com.ar\/sitio\/wp-content\/uploads\/2018\/08\/Plena-competencia-para-la-m\u00e1quina-de-San-Pedro.jpg","jetpack_shortlink":"https:\/\/wp.me\/p6RhLt-9Rm","jetpack_sharing_enabled":true,"_links":{"self":[{"href":"https:\/\/eldiariodesanpedro.com.ar\/sitio\/wp-json\/wp\/v2\/posts\/37904","targetHints":{"allow":["GET"]}}],"collection":[{"href":"https:\/\/eldiariodesanpedro.com.ar\/sitio\/wp-json\/wp\/v2\/posts"}],"about":[{"href":"https:\/\/eldiariodesanpedro.com.ar\/sitio\/wp-json\/wp\/v2\/types\/post"}],"author":[{"embeddable":true,"href":"https:\/\/eldiariodesanpedro.com.ar\/sitio\/wp-json\/wp\/v2\/users\/4"}],"replies":[{"embeddable":true,"href":"https:\/\/eldiariodesanpedro.com.ar\/sitio\/wp-json\/wp\/v2\/comments?post=37904"}],"version-history":[{"count":1,"href":"https:\/\/eldiariodesanpedro.com.ar\/sitio\/wp-json\/wp\/v2\/posts\/37904\/revisions"}],"predecessor-version":[{"id":37909,"href":"https:\/\/eldiariodesanpedro.com.ar\/sitio\/wp-json\/wp\/v2\/posts\/37904\/revisions\/37909"}],"wp:featuredmedia":[{"embeddable":true,"href":"https:\/\/eldiariodesanpedro.com.ar\/sitio\/wp-json\/wp\/v2\/media\/37906"}],"wp:attachment":[{"href":"https:\/\/eldiariodesanpedro.com.ar\/sitio\/wp-json\/wp\/v2\/media?parent=37904"}],"wp:term":[{"taxonomy":"category","embeddable":true,"href":"https:\/\/eldiariodesanpedro.com.ar\/sitio\/wp-json\/wp\/v2\/categories?post=37904"},{"taxonomy":"post_tag","embeddable":true,"href":"https:\/\/eldiariodesanpedro.com.ar\/sitio\/wp-json\/wp\/v2\/tags?post=37904"}],"curies":[{"name":"wp","href":"https:\/\/api.w.org\/{rel}","templated":true}]}}