{"id":37898,"date":"2018-08-07T21:10:57","date_gmt":"2018-08-08T00:10:57","guid":{"rendered":"https:\/\/eldiariodesanpedro.com.ar\/sitio\/?p=37898"},"modified":"2026-01-24T00:11:18","modified_gmt":"2026-01-24T03:11:18","slug":"futbol-infantil-parana-en-2010-y-2011-el-tanque-2008-y-mitre-2006-ya-son-campeones","status":"publish","type":"post","link":"https:\/\/eldiariodesanpedro.com.ar\/sitio\/futbol-infantil-parana-en-2010-y-2011-el-tanque-2008-y-mitre-2006-ya-son-campeones\/","title":{"rendered":"F\u00daTBOL INFANTIL: Paran\u00e1 en 2010 y 2011, El Tanque 2008 y Mitre 2006 \u00a1Ya son campeones!"},"content":{"rendered":"<p><!-- VideographyWP Plugin Message: Automatic video embedding prevented by plugin options. --><br \/>\nA s\u00f3lo una fecha del final del Torneo Apertura de la Liga Infantil, los nombrados ya saborean el \u00e9xito en esas categor\u00edas y las restantes definir\u00e1n el pr\u00f3ximo fin de semana. <\/p>\n<p><em>  Los resultados de las dos fechas disputadas entre s\u00e1bado y domingo y las posiciones actualizadas:<\/em><br \/>\n<img decoding=\"async\" data-attachment-id=\"37900\" data-permalink=\"https:\/\/eldiariodesanpedro.com.ar\/sitio\/futbol-infantil-parana-en-2010-y-2011-el-tanque-2008-y-mitre-2006-ya-son-campeones\/info-08-08-2018-resultados-posiciones-1\/\" data-orig-file=\"https:\/\/eldiariodesanpedro.com.ar\/sitio\/wp-content\/uploads\/2018\/08\/info-08-08-2018-resultados-posiciones-1.jpg\" data-orig-size=\"552,326\" data-comments-opened=\"1\" data-image-meta=\"{&quot;aperture&quot;:&quot;0&quot;,&quot;credit&quot;:&quot;&quot;,&quot;camera&quot;:&quot;&quot;,&quot;caption&quot;:&quot;&quot;,&quot;created_timestamp&quot;:&quot;0&quot;,&quot;copyright&quot;:&quot;&quot;,&quot;focal_length&quot;:&quot;0&quot;,&quot;iso&quot;:&quot;0&quot;,&quot;shutter_speed&quot;:&quot;0&quot;,&quot;title&quot;:&quot;&quot;,&quot;orientation&quot;:&quot;0&quot;}\" data-image-title=\"info 08-08-2018 resultados posiciones 1\" data-image-description=\"\" data-image-caption=\"\" data-large-file=\"https:\/\/eldiariodesanpedro.com.ar\/sitio\/wp-content\/uploads\/2018\/08\/info-08-08-2018-resultados-posiciones-1.jpg\" data-src=\"https:\/\/eldiariodesanpedro.com.ar\/sitio\/wp-content\/uploads\/2018\/08\/info-08-08-2018-resultados-posiciones-1.jpg\" alt=\"\" width=\"552\" height=\"326\" class=\"alignnone size-full wp-image-37900 lazyload\" data-srcset=\"https:\/\/eldiariodesanpedro.com.ar\/sitio\/wp-content\/uploads\/2018\/08\/info-08-08-2018-resultados-posiciones-1.jpg 552w, https:\/\/eldiariodesanpedro.com.ar\/sitio\/wp-content\/uploads\/2018\/08\/info-08-08-2018-resultados-posiciones-1-300x177.jpg 300w\" data-sizes=\"(max-width: 552px) 100vw, 552px\" src=\"data:image\/svg+xml;base64,PHN2ZyB3aWR0aD0iMSIgaGVpZ2h0PSIxIiB4bWxucz0iaHR0cDovL3d3dy53My5vcmcvMjAwMC9zdmciPjwvc3ZnPg==\" style=\"--smush-placeholder-width: 552px; --smush-placeholder-aspect-ratio: 552\/326;\" \/><\/p>\n<p><img decoding=\"async\" data-attachment-id=\"37902\" data-permalink=\"https:\/\/eldiariodesanpedro.com.ar\/sitio\/futbol-infantil-parana-en-2010-y-2011-el-tanque-2008-y-mitre-2006-ya-son-campeones\/info-08-08-2018-resultados-posiciones-2\/\" data-orig-file=\"https:\/\/eldiariodesanpedro.com.ar\/sitio\/wp-content\/uploads\/2018\/08\/info-08-08-2018-resultados-posiciones-2.jpg\" data-orig-size=\"557,324\" data-comments-opened=\"1\" data-image-meta=\"{&quot;aperture&quot;:&quot;0&quot;,&quot;credit&quot;:&quot;&quot;,&quot;camera&quot;:&quot;&quot;,&quot;caption&quot;:&quot;&quot;,&quot;created_timestamp&quot;:&quot;0&quot;,&quot;copyright&quot;:&quot;&quot;,&quot;focal_length&quot;:&quot;0&quot;,&quot;iso&quot;:&quot;0&quot;,&quot;shutter_speed&quot;:&quot;0&quot;,&quot;title&quot;:&quot;&quot;,&quot;orientation&quot;:&quot;0&quot;}\" data-image-title=\"info 08-08-2018 resultados posiciones 2\" data-image-description=\"\" data-image-caption=\"\" data-large-file=\"https:\/\/eldiariodesanpedro.com.ar\/sitio\/wp-content\/uploads\/2018\/08\/info-08-08-2018-resultados-posiciones-2.jpg\" data-src=\"https:\/\/eldiariodesanpedro.com.ar\/sitio\/wp-content\/uploads\/2018\/08\/info-08-08-2018-resultados-posiciones-2.jpg\" alt=\"\" width=\"557\" height=\"324\" class=\"alignnone size-full wp-image-37902 lazyload\" data-srcset=\"https:\/\/eldiariodesanpedro.com.ar\/sitio\/wp-content\/uploads\/2018\/08\/info-08-08-2018-resultados-posiciones-2.jpg 557w, https:\/\/eldiariodesanpedro.com.ar\/sitio\/wp-content\/uploads\/2018\/08\/info-08-08-2018-resultados-posiciones-2-300x175.jpg 300w\" data-sizes=\"(max-width: 557px) 100vw, 557px\" src=\"data:image\/svg+xml;base64,PHN2ZyB3aWR0aD0iMSIgaGVpZ2h0PSIxIiB4bWxucz0iaHR0cDovL3d3dy53My5vcmcvMjAwMC9zdmciPjwvc3ZnPg==\" style=\"--smush-placeholder-width: 557px; --smush-placeholder-aspect-ratio: 557\/324;\" \/><\/p>\n<p><strong>Posiciones<\/strong><\/p>\n<p><strong>2011<\/strong>: Paran\u00e1 37, Rivadavia 35, Atl\u00e9tico 30, San Roque 29, Villa Igoillo 27, Mitre 26, General San Mart\u00edn 26, El Porvenir 25, Fundici\u00f3n 22, El Tanque 22, Independencia 22, Agricultores 19, Pescadores 18, Sportivo 17, Los Andes 12, Castro FC 9, Def. Unidos 8, Central C\u00f3rdoba 6, Am\u00e9rica 5, Independiente (RT) 4, Costa Azul 1.<\/p>\n<p><strong>2010<\/strong>: Paran\u00e1 36, Mitre 32, El Porvenir 31, Atl\u00e9tico 30, General San Mart\u00edn 29, Villa Igoillo 25, Sportivo 24, Rivadavia 22, Independencia 21, San Roque 20, Agricultores 18, El Tanque 17, Fundici\u00f3n 14, Independiente (RT) 11, Los Andes 9, Dep. Alsina 8, Am\u00e9rica 6, Pescadores 6, Costa Azul 3, Def. Unidos 0.<\/p>\n<p><strong>2009<\/strong>: El Porvenir 33, Villa Igoillo 32, Paran\u00e1 31, Mitre 29, General San Mart\u00edn 27, Sportivo 26, Independencia 26, Central C\u00f3rdoba 26, El Tanque 25, Agricultores 22, San Roque 20, Am\u00e9rica 19, Castro FC 18, Rivadavia 17, Dep. Alsina 16, Los Andes 11, Fundici\u00f3n 11, Atl\u00e9tico 9, Independiente (RT) 3, Def. Unidos 1, Pescadores 0.<\/p>\n<p><strong>2008<\/strong>: El Tanque 36, El Porvenir 34, General San Mart\u00edn 33, Am\u00e9rica 32, Mitre 32, Paran\u00e1 31, Central C\u00f3rdoba 26, Agricultores 24, San Roque 22, Sportivo 21, Pescadores 21, Rivadavia 21, Fundici\u00f3n 20, Castro FC 14, Villa Igoillo 12, Costa Azul 12, Los Andes 11, Dep. Alsina 11, Atl\u00e9tico 8, Def. Unidos 7, Independiente (RT) 6, Independencia 6.<\/p>\n<p><strong>2007<\/strong>: Mitre 37, El Porvenir 37, El Tanque 31, Sportivo 31, Paran\u00e1 30, San Roque 29, General San Mart\u00edn 25, Agricultores 24, Castro FC 24, Rivadavia 21, Independencia 19, Central C\u00f3rdoba 19, Los Andes 15, Def. Unidos 15, Fundici\u00f3n 15, Villa Igoillo 15, Costa Azul 13, Pescadores 11, Atl\u00e9tico 10, Independiente (RT) 9, Am\u00e9rica 6, Dep. Alsina 3.<\/p>\n<p><strong>2006<\/strong>: Mitre 38, General San Mart\u00edn 35, Paran\u00e1 35, El Porvenir 34, Sportivo 32, San Roque 27, El Tanque 26, Independencia 25, Fundici\u00f3n 23, Villa Igoillo 23, Rivadavia 23, Am\u00e9rica 21, Def. Unidos 18, Costa Azul 15, Atl\u00e9tico 13, Los Andes 13, Agricultores 12, Central C\u00f3rdoba 10, Dep. Alsina 6, Independiente (RT) 6, Castro FC 5, Pescadores 2.<\/p>\n<p><strong>La \u00faltima fecha se juega el s\u00e1bado 11<\/strong><\/p>\n<p>  Liga Infantil llega al final del primer torneo Apertura, definiendo todas las categor\u00edas el s\u00e1bado venidero. <\/p>\n<p><strong>Fecha 21 <\/strong><br \/>\n<em>S\u00e1bado 11 de agosto<\/em><br \/>\nLos Andes vs. Independiente<br \/>\nCosta Azul vs. C. C\u00f3rdoba<br \/>\nCastro FC vs. Atl\u00e9tico<br \/>\nRivadavia vs. Independencia<br \/>\nParan\u00e1 FC vs. El Tanque<br \/>\nDefensores Unidos vs. Pescadores<br \/>\nEl Porvenir vs. Mitre<br \/>\nAm\u00e9rica vs. Fundici\u00f3n FC<br \/>\nSportivo vs. Agricultores Club<br \/>\nDep. Alsina vs. San Roque FC<br \/>\nG. San Mart\u00edn vs. Villa Igoillo<\/p>\n","protected":false},"excerpt":{"rendered":"<p>A s\u00f3lo una fecha del final del Torneo Apertura de la Liga Infantil, los nombrados ya saborean el \u00e9xito en esas categor\u00edas y las restantes definir\u00e1n el pr\u00f3ximo fin de semana. Los resultados de las dos fechas disputadas entre s\u00e1bado y domingo y las posiciones actualizadas: Posiciones 2011: Paran\u00e1 37, Rivadavia 35, Atl\u00e9tico 30, San [&hellip;]<\/p>\n","protected":false},"author":4,"featured_media":37903,"comment_status":"open","ping_status":"closed","sticky":false,"template":"","format":"standard","meta":{"om_disable_all_campaigns":false,"_jetpack_memberships_contains_paid_content":false,"footnotes":""},"categories":[5],"tags":[],"class_list":["post-37898","post","type-post","status-publish","format-standard","has-post-thumbnail","hentry","category-deportes"],"aioseo_notices":[],"gutentor_comment":0,"jetpack_featured_media_url":"https:\/\/eldiariodesanpedro.com.ar\/sitio\/wp-content\/uploads\/2018\/08\/Mitre-campe\u00f3n-2006.jpg","jetpack_shortlink":"https:\/\/wp.me\/p6RhLt-9Rg","jetpack_sharing_enabled":true,"_links":{"self":[{"href":"https:\/\/eldiariodesanpedro.com.ar\/sitio\/wp-json\/wp\/v2\/posts\/37898","targetHints":{"allow":["GET"]}}],"collection":[{"href":"https:\/\/eldiariodesanpedro.com.ar\/sitio\/wp-json\/wp\/v2\/posts"}],"about":[{"href":"https:\/\/eldiariodesanpedro.com.ar\/sitio\/wp-json\/wp\/v2\/types\/post"}],"author":[{"embeddable":true,"href":"https:\/\/eldiariodesanpedro.com.ar\/sitio\/wp-json\/wp\/v2\/users\/4"}],"replies":[{"embeddable":true,"href":"https:\/\/eldiariodesanpedro.com.ar\/sitio\/wp-json\/wp\/v2\/comments?post=37898"}],"version-history":[{"count":1,"href":"https:\/\/eldiariodesanpedro.com.ar\/sitio\/wp-json\/wp\/v2\/posts\/37898\/revisions"}],"predecessor-version":[{"id":37905,"href":"https:\/\/eldiariodesanpedro.com.ar\/sitio\/wp-json\/wp\/v2\/posts\/37898\/revisions\/37905"}],"wp:featuredmedia":[{"embeddable":true,"href":"https:\/\/eldiariodesanpedro.com.ar\/sitio\/wp-json\/wp\/v2\/media\/37903"}],"wp:attachment":[{"href":"https:\/\/eldiariodesanpedro.com.ar\/sitio\/wp-json\/wp\/v2\/media?parent=37898"}],"wp:term":[{"taxonomy":"category","embeddable":true,"href":"https:\/\/eldiariodesanpedro.com.ar\/sitio\/wp-json\/wp\/v2\/categories?post=37898"},{"taxonomy":"post_tag","embeddable":true,"href":"https:\/\/eldiariodesanpedro.com.ar\/sitio\/wp-json\/wp\/v2\/tags?post=37898"}],"curies":[{"name":"wp","href":"https:\/\/api.w.org\/{rel}","templated":true}]}}