{"id":37887,"date":"2018-08-07T20:57:16","date_gmt":"2018-08-07T23:57:16","guid":{"rendered":"https:\/\/eldiariodesanpedro.com.ar\/sitio\/?p=37887"},"modified":"2018-08-07T20:57:16","modified_gmt":"2018-08-07T23:57:16","slug":"baradero-el-largo-camino-de-una-mama-para-que-le-tomen-la-denuncia-por-el-paradero-de-su-hija-de-16-anos","status":"publish","type":"post","link":"https:\/\/eldiariodesanpedro.com.ar\/sitio\/baradero-el-largo-camino-de-una-mama-para-que-le-tomen-la-denuncia-por-el-paradero-de-su-hija-de-16-anos\/","title":{"rendered":"BARADERO: El largo camino de una mam\u00e1 para que le tomen la denuncia por el paradero de su hija de 16 a\u00f1os"},"content":{"rendered":"<p><!-- VideographyWP Plugin Message: Automatic video embedding prevented by plugin options. --><br \/>\nEste s\u00e1bado Baradero se moviliz\u00f3 buscando el paradero de Ana Mar\u00eda Cajal. Casi 24 horas de dolor para su mam\u00e1, su familia y sus amigos que afortunadamente tuvo el mejor final. Marina, su mam\u00e1, brind\u00f3 su testimonio en Contacto Directo contando por todo lo que tuvo que pasar para que finalmente le tomen la denuncia correspondiente.  <\/p>\n<p>  Marina cont\u00f3 que, alrededor de las cuatro de la ma\u00f1ana Ana se retir\u00f3 de su casa con un chico con quien tiene un noviazgo que vive en Baradero, pero que no es oriundo de Baradero. Al levantarse a las 8, ella descubri\u00f3 que estaba la ventana de la habitaci\u00f3n abierta.<br \/>\n  Con el correr de las horas, vecinos le informaron que viajaban en moto hacia San Pedro. \u201cEllos no miden el peligro\u201d manifest\u00f3 Marina.<br \/>\n  Mientras ella recorr\u00eda San Pedro le dicen que posiblemente se encontraba en La Tosquera. Por lo que decide acudir a la Comisar\u00eda de San Pedro para que la ayuden a ingresar al barrio. En la comisar\u00eda de la vecina ciudad le ponen a disposici\u00f3n un m\u00f3vil, pero no logran encontrarla. Una persona en La Tosquera le dijo que posiblemente estar\u00edan en Arrecifes.<br \/>\n  Pero ah\u00ed comenz\u00f3 el problema: como son oriundas de Baradero en San Pedro no le toman la denuncia. Como alguien le dijo que posiblemente estaba en San Pedro, tampoco le tomaban la denuncia en Baradero. Por tal motivo, desde las 15 que comenz\u00f3 esta discusi\u00f3n en San Pedro, reci\u00e9n la mam\u00e1 de Anita declar\u00f3 casi a las 23 hs. en la Comisar\u00eda de Baradero.<br \/>\n  El Sub Comisario Fioravanti afirm\u00f3 que la denuncia deber\u00eda haberse tomado en San Pedro debido a que la b\u00fasqueda deb\u00eda realizarse en una jurisdicci\u00f3n en la que el fiscal de Baradero no tiene injerencia. A pesar de eso, afirma que finalmente decidieron tomarla en Baradero debido a que se segu\u00eda perdiendo tiempo.<\/p>\n<p>Fuente: Tu L\u00ednea Directa<\/p>\n","protected":false},"excerpt":{"rendered":"<p>Este s\u00e1bado Baradero se moviliz\u00f3 buscando el paradero de Ana Mar\u00eda Cajal. Casi 24 horas de dolor para su mam\u00e1, su familia y sus amigos que afortunadamente tuvo el mejor final. Marina, su mam\u00e1, brind\u00f3 su testimonio en Contacto Directo contando por todo lo que tuvo que pasar para que finalmente le tomen la denuncia [&hellip;]<\/p>\n","protected":false},"author":4,"featured_media":26677,"comment_status":"open","ping_status":"closed","sticky":false,"template":"","format":"standard","meta":{"om_disable_all_campaigns":false,"_jetpack_memberships_contains_paid_content":false,"footnotes":""},"categories":[621],"tags":[],"class_list":["post-37887","post","type-post","status-publish","format-standard","has-post-thumbnail","hentry","category-regionales"],"aioseo_notices":[],"gutentor_comment":0,"jetpack_featured_media_url":"https:\/\/eldiariodesanpedro.com.ar\/sitio\/wp-content\/uploads\/2017\/12\/patrullas-policia-noche.jpg","jetpack_shortlink":"https:\/\/wp.me\/p6RhLt-9R5","jetpack_sharing_enabled":true,"_links":{"self":[{"href":"https:\/\/eldiariodesanpedro.com.ar\/sitio\/wp-json\/wp\/v2\/posts\/37887","targetHints":{"allow":["GET"]}}],"collection":[{"href":"https:\/\/eldiariodesanpedro.com.ar\/sitio\/wp-json\/wp\/v2\/posts"}],"about":[{"href":"https:\/\/eldiariodesanpedro.com.ar\/sitio\/wp-json\/wp\/v2\/types\/post"}],"author":[{"embeddable":true,"href":"https:\/\/eldiariodesanpedro.com.ar\/sitio\/wp-json\/wp\/v2\/users\/4"}],"replies":[{"embeddable":true,"href":"https:\/\/eldiariodesanpedro.com.ar\/sitio\/wp-json\/wp\/v2\/comments?post=37887"}],"version-history":[{"count":2,"href":"https:\/\/eldiariodesanpedro.com.ar\/sitio\/wp-json\/wp\/v2\/posts\/37887\/revisions"}],"predecessor-version":[{"id":37892,"href":"https:\/\/eldiariodesanpedro.com.ar\/sitio\/wp-json\/wp\/v2\/posts\/37887\/revisions\/37892"}],"wp:featuredmedia":[{"embeddable":true,"href":"https:\/\/eldiariodesanpedro.com.ar\/sitio\/wp-json\/wp\/v2\/media\/26677"}],"wp:attachment":[{"href":"https:\/\/eldiariodesanpedro.com.ar\/sitio\/wp-json\/wp\/v2\/media?parent=37887"}],"wp:term":[{"taxonomy":"category","embeddable":true,"href":"https:\/\/eldiariodesanpedro.com.ar\/sitio\/wp-json\/wp\/v2\/categories?post=37887"},{"taxonomy":"post_tag","embeddable":true,"href":"https:\/\/eldiariodesanpedro.com.ar\/sitio\/wp-json\/wp\/v2\/tags?post=37887"}],"curies":[{"name":"wp","href":"https:\/\/api.w.org\/{rel}","templated":true}]}}