{"id":37884,"date":"2018-08-07T20:55:02","date_gmt":"2018-08-07T23:55:02","guid":{"rendered":"https:\/\/eldiariodesanpedro.com.ar\/sitio\/?p=37884"},"modified":"2018-08-07T20:55:02","modified_gmt":"2018-08-07T23:55:02","slug":"campana-queman-un-puesto-de-choripan-en-ruta-6","status":"publish","type":"post","link":"https:\/\/eldiariodesanpedro.com.ar\/sitio\/campana-queman-un-puesto-de-choripan-en-ruta-6\/","title":{"rendered":"CAMPANA: Queman un puesto de \u201cchoripan\u201d en Ruta 6"},"content":{"rendered":"<p><!-- VideographyWP Plugin Message: Automatic video embedding prevented by plugin options. --><br \/>\nFue en la noche del lunes, a metros del puente sobre el arroyo El Potrero mano a Z\u00e1rate cerca del barrio San Cayetano.<\/p>\n<p>  Era un puesto nuevo de choripanes al paso y al parecer se prendi\u00f3 fuego cuando nadie se encontraba en el lugar. Se hizo presente personal del Comando de Patrulla que llam\u00f3 a los Bomberos Voluntarios de Campana para que asistieran al lugar, pero ya era demasiado tarde, la casilla de madera se convirti\u00f3 en cenizas en pocos minutos.<br \/>\n  Se cree que fue incendiada a prop\u00f3sito. Hace m\u00e1s de un a\u00f1o hab\u00eda pasado lo mismo con el que se encuentra en la entrada del camino al ex balneario en la rotonda de ingreso al barrio San Cayetano y tampoco fue accidental.<\/p>\n<p>Fuente: Enlace Cr\u00edtico<\/p>\n","protected":false},"excerpt":{"rendered":"<p>Fue en la noche del lunes, a metros del puente sobre el arroyo El Potrero mano a Z\u00e1rate cerca del barrio San Cayetano. Era un puesto nuevo de choripanes al paso y al parecer se prendi\u00f3 fuego cuando nadie se encontraba en el lugar. Se hizo presente personal del Comando de Patrulla que llam\u00f3 a [&hellip;]<\/p>\n","protected":false},"author":4,"featured_media":37886,"comment_status":"open","ping_status":"closed","sticky":false,"template":"","format":"standard","meta":{"om_disable_all_campaigns":false,"_jetpack_memberships_contains_paid_content":false,"footnotes":""},"categories":[621],"tags":[],"class_list":["post-37884","post","type-post","status-publish","format-standard","has-post-thumbnail","hentry","category-regionales"],"aioseo_notices":[],"gutentor_comment":0,"jetpack_featured_media_url":"https:\/\/eldiariodesanpedro.com.ar\/sitio\/wp-content\/uploads\/2018\/08\/El-puesto-incendiado.jpg","jetpack_shortlink":"https:\/\/wp.me\/p6RhLt-9R2","jetpack_sharing_enabled":true,"_links":{"self":[{"href":"https:\/\/eldiariodesanpedro.com.ar\/sitio\/wp-json\/wp\/v2\/posts\/37884","targetHints":{"allow":["GET"]}}],"collection":[{"href":"https:\/\/eldiariodesanpedro.com.ar\/sitio\/wp-json\/wp\/v2\/posts"}],"about":[{"href":"https:\/\/eldiariodesanpedro.com.ar\/sitio\/wp-json\/wp\/v2\/types\/post"}],"author":[{"embeddable":true,"href":"https:\/\/eldiariodesanpedro.com.ar\/sitio\/wp-json\/wp\/v2\/users\/4"}],"replies":[{"embeddable":true,"href":"https:\/\/eldiariodesanpedro.com.ar\/sitio\/wp-json\/wp\/v2\/comments?post=37884"}],"version-history":[{"count":1,"href":"https:\/\/eldiariodesanpedro.com.ar\/sitio\/wp-json\/wp\/v2\/posts\/37884\/revisions"}],"predecessor-version":[{"id":37888,"href":"https:\/\/eldiariodesanpedro.com.ar\/sitio\/wp-json\/wp\/v2\/posts\/37884\/revisions\/37888"}],"wp:featuredmedia":[{"embeddable":true,"href":"https:\/\/eldiariodesanpedro.com.ar\/sitio\/wp-json\/wp\/v2\/media\/37886"}],"wp:attachment":[{"href":"https:\/\/eldiariodesanpedro.com.ar\/sitio\/wp-json\/wp\/v2\/media?parent=37884"}],"wp:term":[{"taxonomy":"category","embeddable":true,"href":"https:\/\/eldiariodesanpedro.com.ar\/sitio\/wp-json\/wp\/v2\/categories?post=37884"},{"taxonomy":"post_tag","embeddable":true,"href":"https:\/\/eldiariodesanpedro.com.ar\/sitio\/wp-json\/wp\/v2\/tags?post=37884"}],"curies":[{"name":"wp","href":"https:\/\/api.w.org\/{rel}","templated":true}]}}