{"id":37880,"date":"2018-08-07T20:51:11","date_gmt":"2018-08-07T23:51:11","guid":{"rendered":"https:\/\/eldiariodesanpedro.com.ar\/sitio\/?p=37880"},"modified":"2018-08-07T20:51:11","modified_gmt":"2018-08-07T23:51:11","slug":"solicitan-precaucion-a-las-embarcaciones-que-salen-a-navegar-al-parana","status":"publish","type":"post","link":"https:\/\/eldiariodesanpedro.com.ar\/sitio\/solicitan-precaucion-a-las-embarcaciones-que-salen-a-navegar-al-parana\/","title":{"rendered":"Solicitan precauci\u00f3n a las embarcaciones que salen a navegar al Paran\u00e1"},"content":{"rendered":"<p><!-- VideographyWP Plugin Message: Automatic video embedding prevented by plugin options. --><br \/>\nLa gran bajante del r\u00edo Paran\u00e1 permanecer\u00e1 por un tiempo que no puede ser establecido y desde Prefectura pidieron precauci\u00f3n a quienes eligen salir a navegar.<\/p>\n<p>  La pronunciada bajante que presenta el r\u00edo Paran\u00e1 ha originado un sinf\u00edn de trastornos en los puertos que se encuentran ubicados sobre su margen y a las embarcaciones que habitualmente utilizan esa v\u00eda navegable.<br \/>\n  Este domingo la altura del r\u00edo alcanz\u00f3 los 82 cent\u00edmetros y no hay demasiada exactitud si se mantendr\u00e1 en esa medida o quiz\u00e1s siga bajando.<\/p>\n<p>  Al puerto de San Pedro arrib\u00f3 una draga que trabajar\u00e1 sobre el canal de acceso y los muelles para garantizar el ingreso de los buques que se aprestan a arribar a nuestra ciudad.<br \/>\n  \u201cHace m\u00e1s de un mes que el rio ha marcado una bajante considerable\u201d, se\u00f1al\u00f3 el Prefecto Alejandro Here\u00f1\u00fa en el aire de FM G\u00e9nesis.<\/p>\n<p>  \u201cEn San Pedro hemos llegado a tener hasta 80 cent\u00edmetros\u201d.<br \/>\n  \u201cComplica el tr\u00e1nsito porque el canal de acceso maneja un caudal de agua diferente y al haber tan poca agua complica la entrada y la salida de los buques de ultramar\u201d.<br \/>\n  \u201cHay una gran sequ\u00eda y eso hace que el agua que baje hace que esto se produzca, y vamos a seguir con la misma tendencia, no hay demasiada exactitud\u201d, expres\u00f3 Here\u00f1\u00fa.<br \/>\n  \u201cNosotros seguimos con los patrullajes, hay que tener presente que cuando se sale a navegar hay que ir con precauci\u00f3n para no quedar varado o no tener un accidente porque hay bancos de arena que no se ven. Se pide a las embarcaciones que tengan precauci\u00f3n\u201d<\/p>\n","protected":false},"excerpt":{"rendered":"<p>La gran bajante del r\u00edo Paran\u00e1 permanecer\u00e1 por un tiempo que no puede ser establecido y desde Prefectura pidieron precauci\u00f3n a quienes eligen salir a navegar. La pronunciada bajante que presenta el r\u00edo Paran\u00e1 ha originado un sinf\u00edn de trastornos en los puertos que se encuentran ubicados sobre su margen y a las embarcaciones que [&hellip;]<\/p>\n","protected":false},"author":4,"featured_media":37881,"comment_status":"open","ping_status":"closed","sticky":false,"template":"","format":"standard","meta":{"om_disable_all_campaigns":false,"_jetpack_memberships_contains_paid_content":false,"footnotes":""},"categories":[101,2],"tags":[],"class_list":["post-37880","post","type-post","status-publish","format-standard","has-post-thumbnail","hentry","category-interes-general-locales","category-locales"],"aioseo_notices":[],"gutentor_comment":0,"jetpack_featured_media_url":"https:\/\/eldiariodesanpedro.com.ar\/sitio\/wp-content\/uploads\/2018\/08\/Vista-del-r\u00edo-Paran\u00e1.jpg","jetpack_shortlink":"https:\/\/wp.me\/p6RhLt-9QY","jetpack_sharing_enabled":true,"_links":{"self":[{"href":"https:\/\/eldiariodesanpedro.com.ar\/sitio\/wp-json\/wp\/v2\/posts\/37880","targetHints":{"allow":["GET"]}}],"collection":[{"href":"https:\/\/eldiariodesanpedro.com.ar\/sitio\/wp-json\/wp\/v2\/posts"}],"about":[{"href":"https:\/\/eldiariodesanpedro.com.ar\/sitio\/wp-json\/wp\/v2\/types\/post"}],"author":[{"embeddable":true,"href":"https:\/\/eldiariodesanpedro.com.ar\/sitio\/wp-json\/wp\/v2\/users\/4"}],"replies":[{"embeddable":true,"href":"https:\/\/eldiariodesanpedro.com.ar\/sitio\/wp-json\/wp\/v2\/comments?post=37880"}],"version-history":[{"count":1,"href":"https:\/\/eldiariodesanpedro.com.ar\/sitio\/wp-json\/wp\/v2\/posts\/37880\/revisions"}],"predecessor-version":[{"id":37882,"href":"https:\/\/eldiariodesanpedro.com.ar\/sitio\/wp-json\/wp\/v2\/posts\/37880\/revisions\/37882"}],"wp:featuredmedia":[{"embeddable":true,"href":"https:\/\/eldiariodesanpedro.com.ar\/sitio\/wp-json\/wp\/v2\/media\/37881"}],"wp:attachment":[{"href":"https:\/\/eldiariodesanpedro.com.ar\/sitio\/wp-json\/wp\/v2\/media?parent=37880"}],"wp:term":[{"taxonomy":"category","embeddable":true,"href":"https:\/\/eldiariodesanpedro.com.ar\/sitio\/wp-json\/wp\/v2\/categories?post=37880"},{"taxonomy":"post_tag","embeddable":true,"href":"https:\/\/eldiariodesanpedro.com.ar\/sitio\/wp-json\/wp\/v2\/tags?post=37880"}],"curies":[{"name":"wp","href":"https:\/\/api.w.org\/{rel}","templated":true}]}}