{"id":37858,"date":"2018-08-07T16:50:22","date_gmt":"2018-08-07T19:50:22","guid":{"rendered":"https:\/\/eldiariodesanpedro.com.ar\/sitio\/?p=37858"},"modified":"2018-08-07T16:50:22","modified_gmt":"2018-08-07T19:50:22","slug":"se-capacito-en-desarrollo-sustentable-a-hoteleros","status":"publish","type":"post","link":"https:\/\/eldiariodesanpedro.com.ar\/sitio\/se-capacito-en-desarrollo-sustentable-a-hoteleros\/","title":{"rendered":"Se capacit\u00f3 en desarrollo sustentable a hoteleros"},"content":{"rendered":"<p><!-- VideographyWP Plugin Message: Automatic video embedding prevented by plugin options. --><br \/>\nEn la tarde de ayer en la Casona de Turismo, Marcela Cu\u00f1er la Directora de Turismo junto al Organismo Provincial para el Desarrollo Sostenible efectuaron una capacitaci\u00f3n para hoteleros con inter\u00e9s en el desarrollo de alojamientos sustentables.<\/p>\n<p>El taller de adecuaciones ambientales tiene como fin capacitar a los emprendedores  de turismo sobre nuevas  formas de trabajo y est\u00e1ndares para el seguimiento de normas que respeten el uso responsable de energ\u00eda, agua, entre otras energ\u00edas,  para el mantenimiento y el cuidado del medio ambiente. <\/p>\n<p>Como estrategia de gesti\u00f3n el PCA  promueve el concepto de sustentabilidad en el desarrollo local, preservando los ecosistemas y sus funciones e incentivando el avance econ\u00f3mico de la Provincia mediante un equilibrio continuo, conservando, preservando, protegiendo y disfrutando el ambiente en sus tres dimensiones ambiental, social y econ\u00f3mica. Satisfaciendo los requerimientos actuales de una sociedad sin comprometer el derecho de futuras generaciones.<\/p>\n","protected":false},"excerpt":{"rendered":"<p>En la tarde de ayer en la Casona de Turismo, Marcela Cu\u00f1er la Directora de Turismo junto al Organismo Provincial para el Desarrollo Sostenible efectuaron una capacitaci\u00f3n para hoteleros con inter\u00e9s en el desarrollo de alojamientos sustentables. El taller de adecuaciones ambientales tiene como fin capacitar a los emprendedores de turismo sobre nuevas formas de [&hellip;]<\/p>\n","protected":false},"author":4,"featured_media":37859,"comment_status":"open","ping_status":"closed","sticky":false,"template":"","format":"standard","meta":{"om_disable_all_campaigns":false,"_jetpack_memberships_contains_paid_content":false,"footnotes":""},"categories":[101,2],"tags":[],"class_list":["post-37858","post","type-post","status-publish","format-standard","has-post-thumbnail","hentry","category-interes-general-locales","category-locales"],"aioseo_notices":[],"gutentor_comment":0,"jetpack_featured_media_url":"https:\/\/eldiariodesanpedro.com.ar\/sitio\/wp-content\/uploads\/2018\/08\/pastedImage-2.png","jetpack_shortlink":"https:\/\/wp.me\/p6RhLt-9QC","jetpack_sharing_enabled":true,"_links":{"self":[{"href":"https:\/\/eldiariodesanpedro.com.ar\/sitio\/wp-json\/wp\/v2\/posts\/37858","targetHints":{"allow":["GET"]}}],"collection":[{"href":"https:\/\/eldiariodesanpedro.com.ar\/sitio\/wp-json\/wp\/v2\/posts"}],"about":[{"href":"https:\/\/eldiariodesanpedro.com.ar\/sitio\/wp-json\/wp\/v2\/types\/post"}],"author":[{"embeddable":true,"href":"https:\/\/eldiariodesanpedro.com.ar\/sitio\/wp-json\/wp\/v2\/users\/4"}],"replies":[{"embeddable":true,"href":"https:\/\/eldiariodesanpedro.com.ar\/sitio\/wp-json\/wp\/v2\/comments?post=37858"}],"version-history":[{"count":1,"href":"https:\/\/eldiariodesanpedro.com.ar\/sitio\/wp-json\/wp\/v2\/posts\/37858\/revisions"}],"predecessor-version":[{"id":37860,"href":"https:\/\/eldiariodesanpedro.com.ar\/sitio\/wp-json\/wp\/v2\/posts\/37858\/revisions\/37860"}],"wp:featuredmedia":[{"embeddable":true,"href":"https:\/\/eldiariodesanpedro.com.ar\/sitio\/wp-json\/wp\/v2\/media\/37859"}],"wp:attachment":[{"href":"https:\/\/eldiariodesanpedro.com.ar\/sitio\/wp-json\/wp\/v2\/media?parent=37858"}],"wp:term":[{"taxonomy":"category","embeddable":true,"href":"https:\/\/eldiariodesanpedro.com.ar\/sitio\/wp-json\/wp\/v2\/categories?post=37858"},{"taxonomy":"post_tag","embeddable":true,"href":"https:\/\/eldiariodesanpedro.com.ar\/sitio\/wp-json\/wp\/v2\/tags?post=37858"}],"curies":[{"name":"wp","href":"https:\/\/api.w.org\/{rel}","templated":true}]}}