{"id":37854,"date":"2018-08-07T10:20:52","date_gmt":"2018-08-07T13:20:52","guid":{"rendered":"https:\/\/eldiariodesanpedro.com.ar\/sitio\/?p=37854"},"modified":"2018-08-07T10:20:52","modified_gmt":"2018-08-07T13:20:52","slug":"zarate-operativos-policiales-en-colectivos-de-lima","status":"publish","type":"post","link":"https:\/\/eldiariodesanpedro.com.ar\/sitio\/zarate-operativos-policiales-en-colectivos-de-lima\/","title":{"rendered":"ZARATE: Operativos policiales en colectivos de Lima"},"content":{"rendered":"<p><!-- VideographyWP Plugin Message: Automatic video embedding prevented by plugin options. --><br \/>\nLa Comisar\u00eda 2da de Lima y el Comando Patrulla realizaron este lunes un nuevo operativo en colectivos de la ciudad, principalemente en sus accesos.<\/p>\n<p>Los resultados fueron los siguientes: 15 veh\u00edculos y 41 personas identificadas, de las cuales una sola fue trasladada a la dependencia local para averiguaci\u00f3n de identidad.<\/p>\n<p>Dichos procedimientos continuar\u00e1n a lo largo de la semana.<\/p>\n<p>Fuente: Enlace Critico<\/p>\n","protected":false},"excerpt":{"rendered":"<p>La Comisar\u00eda 2da de Lima y el Comando Patrulla realizaron este lunes un nuevo operativo en colectivos de la ciudad, principalemente en sus accesos. Los resultados fueron los siguientes: 15 veh\u00edculos y 41 personas identificadas, de las cuales una sola fue trasladada a la dependencia local para averiguaci\u00f3n de identidad. Dichos procedimientos continuar\u00e1n a lo [&hellip;]<\/p>\n","protected":false},"author":4,"featured_media":37855,"comment_status":"open","ping_status":"closed","sticky":false,"template":"","format":"standard","meta":{"om_disable_all_campaigns":false,"_jetpack_memberships_contains_paid_content":false,"footnotes":""},"categories":[621],"tags":[],"class_list":["post-37854","post","type-post","status-publish","format-standard","has-post-thumbnail","hentry","category-regionales"],"aioseo_notices":[],"gutentor_comment":0,"jetpack_featured_media_url":"https:\/\/eldiariodesanpedro.com.ar\/sitio\/wp-content\/uploads\/2018\/08\/Operaitvo-3.jpg","jetpack_shortlink":"https:\/\/wp.me\/p6RhLt-9Qy","jetpack_sharing_enabled":true,"_links":{"self":[{"href":"https:\/\/eldiariodesanpedro.com.ar\/sitio\/wp-json\/wp\/v2\/posts\/37854","targetHints":{"allow":["GET"]}}],"collection":[{"href":"https:\/\/eldiariodesanpedro.com.ar\/sitio\/wp-json\/wp\/v2\/posts"}],"about":[{"href":"https:\/\/eldiariodesanpedro.com.ar\/sitio\/wp-json\/wp\/v2\/types\/post"}],"author":[{"embeddable":true,"href":"https:\/\/eldiariodesanpedro.com.ar\/sitio\/wp-json\/wp\/v2\/users\/4"}],"replies":[{"embeddable":true,"href":"https:\/\/eldiariodesanpedro.com.ar\/sitio\/wp-json\/wp\/v2\/comments?post=37854"}],"version-history":[{"count":1,"href":"https:\/\/eldiariodesanpedro.com.ar\/sitio\/wp-json\/wp\/v2\/posts\/37854\/revisions"}],"predecessor-version":[{"id":37857,"href":"https:\/\/eldiariodesanpedro.com.ar\/sitio\/wp-json\/wp\/v2\/posts\/37854\/revisions\/37857"}],"wp:featuredmedia":[{"embeddable":true,"href":"https:\/\/eldiariodesanpedro.com.ar\/sitio\/wp-json\/wp\/v2\/media\/37855"}],"wp:attachment":[{"href":"https:\/\/eldiariodesanpedro.com.ar\/sitio\/wp-json\/wp\/v2\/media?parent=37854"}],"wp:term":[{"taxonomy":"category","embeddable":true,"href":"https:\/\/eldiariodesanpedro.com.ar\/sitio\/wp-json\/wp\/v2\/categories?post=37854"},{"taxonomy":"post_tag","embeddable":true,"href":"https:\/\/eldiariodesanpedro.com.ar\/sitio\/wp-json\/wp\/v2\/tags?post=37854"}],"curies":[{"name":"wp","href":"https:\/\/api.w.org\/{rel}","templated":true}]}}