{"id":37852,"date":"2018-08-07T10:20:52","date_gmt":"2018-08-07T13:20:52","guid":{"rendered":"https:\/\/eldiariodesanpedro.com.ar\/sitio\/?p=37852"},"modified":"2018-08-07T10:20:52","modified_gmt":"2018-08-07T13:20:52","slug":"salazar-participo-de-una-cena-en-olivos-con-68-intendentes-de-cambiemos-macri-y-vidal","status":"publish","type":"post","link":"https:\/\/eldiariodesanpedro.com.ar\/sitio\/salazar-participo-de-una-cena-en-olivos-con-68-intendentes-de-cambiemos-macri-y-vidal\/","title":{"rendered":"Salazar participo de una cena en Olivos con 68 Intendentes de Cambiemos, Macri y Vidal"},"content":{"rendered":"<p><!-- VideographyWP Plugin Message: Automatic video embedding prevented by plugin options. --><br \/>\nEn la noche del lunes se llev\u00f3 a cabo una cena en la Quinta presidencial de Olivos. El encuentro que comenz\u00f3 pasada las 19hs, se extendi\u00f3 hasta cerca de las 22hs y cont\u00f3 con la presencia de Mauricio Macri y su Jefe de Gabinete, Marcos Pe\u00f1a; la gobernadora Mar\u00eda Eugenia Vidal; el ministro de Gobierno Joaqu\u00edn de la Torre y el subsecretario de Asuntos Municipales, Alex Campbell; adem\u00e1s de 68 intendentes de Cambiemos.<\/p>\n<p>El jefe comunal de nuestra ciudad, Cecilio Salazar, estuvo entre los invitados donde destaco a los medios de comunicacion que la cena sirvi\u00f3 para reencontrarse y renovar \u00e1nimos y fuerzas de cara a lo que viene. Si bien uno de los temas preponderante era el de analizar el presente de la gesti\u00f3n de Cambiemos y la preocupaci\u00f3n que desvela a cada Intendente, el Presidente se refiri\u00f3 a los lineamientos actuales y eligi\u00f3 destacar los logros obtenidos alentando a los 68 jefes comunales que estaban presentes, a seguir apostando a esta gesti\u00f3n.<\/p>\n<p>\u00abCreo que hay que agradecerle a Dios que tenemos a esta gobernadora, por su fortaleza y porque ella es quien mejor transmite estas cosas que les estoy diciendo. En cada cosa que hace es un ejemplo de autenticidad y eso nos ayuda mucho a marcar el camino que estamos siguiendo\u00bb, afirm\u00f3 el Presidente Macri.<\/p>\n<p>La apertura de la oratoria estuvo a cargo de Vidal, quien abri\u00f3 el juego para que hablen algunos intendentes,  quien se\u00f1al\u00f3 que es un momento dif\u00edcil pero el camino es el correcto y \u201chay que apoyar al Presidente, que es quien toma las decisiones m\u00e1s dif\u00edciles pero todos tenemos que acompa\u00f1ar\u201d y por \u00faltimo, cerr\u00f3 Macri donde se mostr\u00f3 muy confiado y asegur\u00f3 que en el corto plazo \u201cla econom\u00eda va a empezar a funcionar\u201d.<\/p>\n<p>Adem\u00e1s, los presentes acordaron que, a futuro, comenzar\u00e1n a desarrollarse encuentro entre el Gabinete nacional y los intendentes del oficialismo para mantener una l\u00ednea de trabajo y no caer en fisuras producto de la falta de retroalimentaci\u00f3n entre las partes.<\/p>\n","protected":false},"excerpt":{"rendered":"<p>En la noche del lunes se llev\u00f3 a cabo una cena en la Quinta presidencial de Olivos. El encuentro que comenz\u00f3 pasada las 19hs, se extendi\u00f3 hasta cerca de las 22hs y cont\u00f3 con la presencia de Mauricio Macri y su Jefe de Gabinete, Marcos Pe\u00f1a; la gobernadora Mar\u00eda Eugenia Vidal; el ministro de Gobierno [&hellip;]<\/p>\n","protected":false},"author":4,"featured_media":37853,"comment_status":"open","ping_status":"closed","sticky":false,"template":"","format":"standard","meta":{"om_disable_all_campaigns":false,"_jetpack_memberships_contains_paid_content":false,"footnotes":""},"categories":[50,2,102],"tags":[],"class_list":["post-37852","post","type-post","status-publish","format-standard","has-post-thumbnail","hentry","category-destacadas","category-locales","category-politica-locales"],"aioseo_notices":[],"gutentor_comment":0,"jetpack_featured_media_url":"https:\/\/eldiariodesanpedro.com.ar\/sitio\/wp-content\/uploads\/2018\/08\/86842_3.jpg","jetpack_shortlink":"https:\/\/wp.me\/p6RhLt-9Qw","jetpack_sharing_enabled":true,"_links":{"self":[{"href":"https:\/\/eldiariodesanpedro.com.ar\/sitio\/wp-json\/wp\/v2\/posts\/37852","targetHints":{"allow":["GET"]}}],"collection":[{"href":"https:\/\/eldiariodesanpedro.com.ar\/sitio\/wp-json\/wp\/v2\/posts"}],"about":[{"href":"https:\/\/eldiariodesanpedro.com.ar\/sitio\/wp-json\/wp\/v2\/types\/post"}],"author":[{"embeddable":true,"href":"https:\/\/eldiariodesanpedro.com.ar\/sitio\/wp-json\/wp\/v2\/users\/4"}],"replies":[{"embeddable":true,"href":"https:\/\/eldiariodesanpedro.com.ar\/sitio\/wp-json\/wp\/v2\/comments?post=37852"}],"version-history":[{"count":1,"href":"https:\/\/eldiariodesanpedro.com.ar\/sitio\/wp-json\/wp\/v2\/posts\/37852\/revisions"}],"predecessor-version":[{"id":37856,"href":"https:\/\/eldiariodesanpedro.com.ar\/sitio\/wp-json\/wp\/v2\/posts\/37852\/revisions\/37856"}],"wp:featuredmedia":[{"embeddable":true,"href":"https:\/\/eldiariodesanpedro.com.ar\/sitio\/wp-json\/wp\/v2\/media\/37853"}],"wp:attachment":[{"href":"https:\/\/eldiariodesanpedro.com.ar\/sitio\/wp-json\/wp\/v2\/media?parent=37852"}],"wp:term":[{"taxonomy":"category","embeddable":true,"href":"https:\/\/eldiariodesanpedro.com.ar\/sitio\/wp-json\/wp\/v2\/categories?post=37852"},{"taxonomy":"post_tag","embeddable":true,"href":"https:\/\/eldiariodesanpedro.com.ar\/sitio\/wp-json\/wp\/v2\/tags?post=37852"}],"curies":[{"name":"wp","href":"https:\/\/api.w.org\/{rel}","templated":true}]}}