{"id":37847,"date":"2018-08-07T09:34:23","date_gmt":"2018-08-07T12:34:23","guid":{"rendered":"https:\/\/eldiariodesanpedro.com.ar\/sitio\/?p=37847"},"modified":"2018-08-07T09:34:23","modified_gmt":"2018-08-07T12:34:23","slug":"choque-entre-un-gol-y-un-torino","status":"publish","type":"post","link":"https:\/\/eldiariodesanpedro.com.ar\/sitio\/choque-entre-un-gol-y-un-torino\/","title":{"rendered":"Choque entre un  Gol y un Torino"},"content":{"rendered":"<p><!-- VideographyWP Plugin Message: Automatic video embedding prevented by plugin options. --><br \/>\nEsta ma\u00f1ana, por causas que se intentan esclarecer, se produjo una colisi\u00f3n entre dos autom\u00f3viles.<\/p>\n<p>El accidente ocurri\u00f3 en intersecci\u00f3n de las calles Chacabuco e Ituzaingo,\u00a0 cuando un VW Gol\u00a0 gris y un Torino de color negro\u00a0 colisionaron; como consecuencia el conductor del Gol sufri\u00f3 lesiones leves en su cabeza, asistido en cel momento por la ambulancia del SAME.<\/p>\n<p>Ante la presencia de inspecci\u00f3n, el veh\u00edculo marca Torino queda secuestrado por falta de documentaci\u00f3n a la guarda del Juzgado de Faltas.<\/p>\n","protected":false},"excerpt":{"rendered":"<p>Esta ma\u00f1ana, por causas que se intentan esclarecer, se produjo una colisi\u00f3n entre dos autom\u00f3viles. El accidente ocurri\u00f3 en intersecci\u00f3n de las calles Chacabuco e Ituzaingo,\u00a0 cuando un VW Gol\u00a0 gris y un Torino de color negro\u00a0 colisionaron; como consecuencia el conductor del Gol sufri\u00f3 lesiones leves en su cabeza, asistido en cel momento por [&hellip;]<\/p>\n","protected":false},"author":4,"featured_media":37848,"comment_status":"open","ping_status":"closed","sticky":false,"template":"","format":"standard","meta":{"om_disable_all_campaigns":false,"_jetpack_memberships_contains_paid_content":false,"footnotes":""},"categories":[2,103],"tags":[],"class_list":["post-37847","post","type-post","status-publish","format-standard","has-post-thumbnail","hentry","category-locales","category-policiales-locales"],"aioseo_notices":[],"gutentor_comment":0,"jetpack_featured_media_url":"https:\/\/eldiariodesanpedro.com.ar\/sitio\/wp-content\/uploads\/2018\/08\/WhatsApp-Image-2018-08-07-at-09.19.56.jpeg","jetpack_shortlink":"https:\/\/wp.me\/p6RhLt-9Qr","jetpack_sharing_enabled":true,"_links":{"self":[{"href":"https:\/\/eldiariodesanpedro.com.ar\/sitio\/wp-json\/wp\/v2\/posts\/37847","targetHints":{"allow":["GET"]}}],"collection":[{"href":"https:\/\/eldiariodesanpedro.com.ar\/sitio\/wp-json\/wp\/v2\/posts"}],"about":[{"href":"https:\/\/eldiariodesanpedro.com.ar\/sitio\/wp-json\/wp\/v2\/types\/post"}],"author":[{"embeddable":true,"href":"https:\/\/eldiariodesanpedro.com.ar\/sitio\/wp-json\/wp\/v2\/users\/4"}],"replies":[{"embeddable":true,"href":"https:\/\/eldiariodesanpedro.com.ar\/sitio\/wp-json\/wp\/v2\/comments?post=37847"}],"version-history":[{"count":1,"href":"https:\/\/eldiariodesanpedro.com.ar\/sitio\/wp-json\/wp\/v2\/posts\/37847\/revisions"}],"predecessor-version":[{"id":37849,"href":"https:\/\/eldiariodesanpedro.com.ar\/sitio\/wp-json\/wp\/v2\/posts\/37847\/revisions\/37849"}],"wp:featuredmedia":[{"embeddable":true,"href":"https:\/\/eldiariodesanpedro.com.ar\/sitio\/wp-json\/wp\/v2\/media\/37848"}],"wp:attachment":[{"href":"https:\/\/eldiariodesanpedro.com.ar\/sitio\/wp-json\/wp\/v2\/media?parent=37847"}],"wp:term":[{"taxonomy":"category","embeddable":true,"href":"https:\/\/eldiariodesanpedro.com.ar\/sitio\/wp-json\/wp\/v2\/categories?post=37847"},{"taxonomy":"post_tag","embeddable":true,"href":"https:\/\/eldiariodesanpedro.com.ar\/sitio\/wp-json\/wp\/v2\/tags?post=37847"}],"curies":[{"name":"wp","href":"https:\/\/api.w.org\/{rel}","templated":true}]}}