{"id":37840,"date":"2018-08-07T08:47:48","date_gmt":"2018-08-07T11:47:48","guid":{"rendered":"https:\/\/eldiariodesanpedro.com.ar\/sitio\/?p=37840"},"modified":"2018-08-07T08:47:48","modified_gmt":"2018-08-07T11:47:48","slug":"robaron-en-una-iglesia-evangelista-y-recuperaron-las-cosas-en-allanamiento-de-urgencia","status":"publish","type":"post","link":"https:\/\/eldiariodesanpedro.com.ar\/sitio\/robaron-en-una-iglesia-evangelista-y-recuperaron-las-cosas-en-allanamiento-de-urgencia\/","title":{"rendered":"Robaron en una iglesia evangelista y recuperaron las cosas en allanamiento de urgencia"},"content":{"rendered":"<p><!-- VideographyWP Plugin Message: Automatic video embedding prevented by plugin options. --><br \/>\nEl hecho delictivo ocurri\u00f3 este lunes por la tarde cuando delincuentes ingresaron, tras romper violentamente la puerta de entrada, a una iglesia evangelista \u00abEstrella del Oriente\u00bb, sita en calla la Laguna al 1600 y sustrajeron herramientas varias, elementos de alba\u00f1iler\u00eda y un microondas.<\/p>\n<p>Tras testigos y averiguaciones se solicito un allanamiento de urgencia en calle Alvarado 865 logr\u00e1ndose el secuestro de la totalidad de los efectos sustra\u00eddos, sindicado como autor del hecho, un joven de 25 a\u00f1os de edad, no se encontraba en el domicilio.<\/p>\n<p><img decoding=\"async\" data-attachment-id=\"37841\" data-permalink=\"https:\/\/eldiariodesanpedro.com.ar\/sitio\/robaron-en-una-iglesia-evangelista-y-recuperaron-las-cosas-en-allanamiento-de-urgencia\/whatsapp-image-2018-08-07-at-08-29-03-1\/\" data-orig-file=\"https:\/\/eldiariodesanpedro.com.ar\/sitio\/wp-content\/uploads\/2018\/08\/WhatsApp-Image-2018-08-07-at-08.29.03-1.jpeg\" data-orig-size=\"768,1280\" data-comments-opened=\"1\" data-image-meta=\"{&quot;aperture&quot;:&quot;0&quot;,&quot;credit&quot;:&quot;&quot;,&quot;camera&quot;:&quot;&quot;,&quot;caption&quot;:&quot;&quot;,&quot;created_timestamp&quot;:&quot;0&quot;,&quot;copyright&quot;:&quot;&quot;,&quot;focal_length&quot;:&quot;0&quot;,&quot;iso&quot;:&quot;0&quot;,&quot;shutter_speed&quot;:&quot;0&quot;,&quot;title&quot;:&quot;&quot;,&quot;orientation&quot;:&quot;0&quot;}\" data-image-title=\"WhatsApp Image 2018-08-07 at 08.29.03 (1)\" data-image-description=\"\" data-image-caption=\"\" data-large-file=\"https:\/\/eldiariodesanpedro.com.ar\/sitio\/wp-content\/uploads\/2018\/08\/WhatsApp-Image-2018-08-07-at-08.29.03-1-614x1024.jpeg\" class=\"alignnone size-large wp-image-37841 lazyload\" data-src=\"https:\/\/eldiariodesanpedro.com.ar\/sitio\/wp-content\/uploads\/2018\/08\/WhatsApp-Image-2018-08-07-at-08.29.03-1-614x1024.jpeg\" alt=\"\" width=\"614\" height=\"1024\" data-srcset=\"https:\/\/eldiariodesanpedro.com.ar\/sitio\/wp-content\/uploads\/2018\/08\/WhatsApp-Image-2018-08-07-at-08.29.03-1-614x1024.jpeg 614w, https:\/\/eldiariodesanpedro.com.ar\/sitio\/wp-content\/uploads\/2018\/08\/WhatsApp-Image-2018-08-07-at-08.29.03-1-180x300.jpeg 180w, https:\/\/eldiariodesanpedro.com.ar\/sitio\/wp-content\/uploads\/2018\/08\/WhatsApp-Image-2018-08-07-at-08.29.03-1.jpeg 768w\" data-sizes=\"(max-width: 614px) 100vw, 614px\" src=\"data:image\/svg+xml;base64,PHN2ZyB3aWR0aD0iMSIgaGVpZ2h0PSIxIiB4bWxucz0iaHR0cDovL3d3dy53My5vcmcvMjAwMC9zdmciPjwvc3ZnPg==\" style=\"--smush-placeholder-width: 614px; --smush-placeholder-aspect-ratio: 614\/1024;\" \/><\/p>\n<p><img decoding=\"async\" data-attachment-id=\"37842\" data-permalink=\"https:\/\/eldiariodesanpedro.com.ar\/sitio\/robaron-en-una-iglesia-evangelista-y-recuperaron-las-cosas-en-allanamiento-de-urgencia\/whatsapp-image-2018-08-07-at-08-29-03\/\" data-orig-file=\"https:\/\/eldiariodesanpedro.com.ar\/sitio\/wp-content\/uploads\/2018\/08\/WhatsApp-Image-2018-08-07-at-08.29.03.jpeg\" data-orig-size=\"768,1280\" data-comments-opened=\"1\" data-image-meta=\"{&quot;aperture&quot;:&quot;0&quot;,&quot;credit&quot;:&quot;&quot;,&quot;camera&quot;:&quot;&quot;,&quot;caption&quot;:&quot;&quot;,&quot;created_timestamp&quot;:&quot;0&quot;,&quot;copyright&quot;:&quot;&quot;,&quot;focal_length&quot;:&quot;0&quot;,&quot;iso&quot;:&quot;0&quot;,&quot;shutter_speed&quot;:&quot;0&quot;,&quot;title&quot;:&quot;&quot;,&quot;orientation&quot;:&quot;0&quot;}\" data-image-title=\"WhatsApp Image 2018-08-07 at 08.29.03\" data-image-description=\"\" data-image-caption=\"\" data-large-file=\"https:\/\/eldiariodesanpedro.com.ar\/sitio\/wp-content\/uploads\/2018\/08\/WhatsApp-Image-2018-08-07-at-08.29.03-614x1024.jpeg\" class=\"alignnone size-large wp-image-37842 lazyload\" data-src=\"https:\/\/eldiariodesanpedro.com.ar\/sitio\/wp-content\/uploads\/2018\/08\/WhatsApp-Image-2018-08-07-at-08.29.03-614x1024.jpeg\" alt=\"\" width=\"614\" height=\"1024\" data-srcset=\"https:\/\/eldiariodesanpedro.com.ar\/sitio\/wp-content\/uploads\/2018\/08\/WhatsApp-Image-2018-08-07-at-08.29.03-614x1024.jpeg 614w, https:\/\/eldiariodesanpedro.com.ar\/sitio\/wp-content\/uploads\/2018\/08\/WhatsApp-Image-2018-08-07-at-08.29.03-180x300.jpeg 180w, https:\/\/eldiariodesanpedro.com.ar\/sitio\/wp-content\/uploads\/2018\/08\/WhatsApp-Image-2018-08-07-at-08.29.03.jpeg 768w\" data-sizes=\"(max-width: 614px) 100vw, 614px\" src=\"data:image\/svg+xml;base64,PHN2ZyB3aWR0aD0iMSIgaGVpZ2h0PSIxIiB4bWxucz0iaHR0cDovL3d3dy53My5vcmcvMjAwMC9zdmciPjwvc3ZnPg==\" style=\"--smush-placeholder-width: 614px; --smush-placeholder-aspect-ratio: 614\/1024;\" \/><\/p>\n","protected":false},"excerpt":{"rendered":"<p>El hecho delictivo ocurri\u00f3 este lunes por la tarde cuando delincuentes ingresaron, tras romper violentamente la puerta de entrada, a una iglesia evangelista \u00abEstrella del Oriente\u00bb, sita en calla la Laguna al 1600 y sustrajeron herramientas varias, elementos de alba\u00f1iler\u00eda y un microondas. Tras testigos y averiguaciones se solicito un allanamiento de urgencia en calle [&hellip;]<\/p>\n","protected":false},"author":4,"featured_media":37845,"comment_status":"open","ping_status":"closed","sticky":false,"template":"","format":"standard","meta":{"om_disable_all_campaigns":false,"_jetpack_memberships_contains_paid_content":false,"footnotes":""},"categories":[50,2,103],"tags":[],"class_list":["post-37840","post","type-post","status-publish","format-standard","has-post-thumbnail","hentry","category-destacadas","category-locales","category-policiales-locales"],"aioseo_notices":[],"gutentor_comment":0,"jetpack_featured_media_url":"https:\/\/eldiariodesanpedro.com.ar\/sitio\/wp-content\/uploads\/2018\/08\/robo-990x660.jpg","jetpack_shortlink":"https:\/\/wp.me\/p6RhLt-9Qk","jetpack_sharing_enabled":true,"_links":{"self":[{"href":"https:\/\/eldiariodesanpedro.com.ar\/sitio\/wp-json\/wp\/v2\/posts\/37840","targetHints":{"allow":["GET"]}}],"collection":[{"href":"https:\/\/eldiariodesanpedro.com.ar\/sitio\/wp-json\/wp\/v2\/posts"}],"about":[{"href":"https:\/\/eldiariodesanpedro.com.ar\/sitio\/wp-json\/wp\/v2\/types\/post"}],"author":[{"embeddable":true,"href":"https:\/\/eldiariodesanpedro.com.ar\/sitio\/wp-json\/wp\/v2\/users\/4"}],"replies":[{"embeddable":true,"href":"https:\/\/eldiariodesanpedro.com.ar\/sitio\/wp-json\/wp\/v2\/comments?post=37840"}],"version-history":[{"count":1,"href":"https:\/\/eldiariodesanpedro.com.ar\/sitio\/wp-json\/wp\/v2\/posts\/37840\/revisions"}],"predecessor-version":[{"id":37846,"href":"https:\/\/eldiariodesanpedro.com.ar\/sitio\/wp-json\/wp\/v2\/posts\/37840\/revisions\/37846"}],"wp:featuredmedia":[{"embeddable":true,"href":"https:\/\/eldiariodesanpedro.com.ar\/sitio\/wp-json\/wp\/v2\/media\/37845"}],"wp:attachment":[{"href":"https:\/\/eldiariodesanpedro.com.ar\/sitio\/wp-json\/wp\/v2\/media?parent=37840"}],"wp:term":[{"taxonomy":"category","embeddable":true,"href":"https:\/\/eldiariodesanpedro.com.ar\/sitio\/wp-json\/wp\/v2\/categories?post=37840"},{"taxonomy":"post_tag","embeddable":true,"href":"https:\/\/eldiariodesanpedro.com.ar\/sitio\/wp-json\/wp\/v2\/tags?post=37840"}],"curies":[{"name":"wp","href":"https:\/\/api.w.org\/{rel}","templated":true}]}}