{"id":37829,"date":"2018-08-06T21:11:49","date_gmt":"2018-08-07T00:11:49","guid":{"rendered":"https:\/\/eldiariodesanpedro.com.ar\/sitio\/?p=37829"},"modified":"2026-01-24T00:11:18","modified_gmt":"2026-01-24T03:11:18","slug":"futbol-local-golearon-la-esperanza-parana-atletico-y-sportivo-en-el-inicio-del-clausura","status":"publish","type":"post","link":"https:\/\/eldiariodesanpedro.com.ar\/sitio\/futbol-local-golearon-la-esperanza-parana-atletico-y-sportivo-en-el-inicio-del-clausura\/","title":{"rendered":"F\u00daTBOL LOCAL: Golearon La Esperanza, Paran\u00e1, Atl\u00e9tico y Sportivo en el inicio del Clausura"},"content":{"rendered":"<p><!-- VideographyWP Plugin Message: Automatic video embedding prevented by plugin options. --><br \/>\n  Comenz\u00f3 el Torneo Clausura \u201cBeto Manresa-Rubito L\u00f3pez\u201d de la Alianza San Pedro-Baradero, que organiza la Liga Sampedrina. El campe\u00f3n gan\u00f3 el s\u00e1bado, Mitre derrot\u00f3 a Independencia en el Municipal uno a cero con gol de Mariano Mattig a los 30m del complemento y sigue con su racha estirando a 12 los partidos sin derrotas (11 triunfos).<br \/>\n  Sobresalieron las victorias de Las Palmeras en Gobernador Castro, golearon La Esperanza, Sportivo y Paran\u00e1 FC, Central C\u00f3rdoba lo dio vuelta en Santa Luc\u00eda, San Mart\u00edn por la minima y Atl\u00e9tico debut\u00f3 con triunfo. El \u00fanico empate CADU-Rivadavia. <\/p>\n<p><strong>Todo el detalle de la fecha <\/strong><br \/>\n<strong>Interzonal<\/strong><br \/>\n<em>Agricultores 0 &#8211; Las Palmeras 1<\/em><br \/>\nGol: Joel Arriola<br \/>\nSub 21: 3-1<br \/>\nTercera: 2-1<br \/>\nCuarta: 6-0<br \/>\nQuinta: 2-1<\/p>\n<p><strong>Zona \u00abA\u00bb<\/strong><br \/>\n<em>C. C\u00f3rdoba 2 &#8211; Banfield 1<\/em><br \/>\nGoles: Braian Montenegro y Milmanda (CC), Mat\u00edas Torre (B)<br \/>\nSub 21: 0-2<br \/>\nTercera: 2-1<br \/>\nCuarta: 2-0<br \/>\nQuinta: 0-2<\/p>\n<p><em>Paran\u00e1 FC 5 &#8211; Am\u00e9rica 1<\/em><br \/>\nGoles: Jonathan Cerruti x4 y Ramiro Machado (PFC), Lucas D\u00edaz (A).<br \/>\nSub 21: 3-2<br \/>\nTercera: 1-1<br \/>\nCuarta: 3-0<br \/>\nQuinta: 7-0<\/p>\n<p><em>La Esperanza 8 &#8211; Fundici\u00f3n FC 1<\/em><br \/>\nGoles: Gabriel Rodr\u00edguez x2, Gaspar Mallo x2, Alejandro Biain, Juan Corradini, Juli\u00e1n Gorbar\u00e1n y Franco de la Fuente (LE), Rodrigo Mart\u00ednez (F).<br \/>\nSub 21: 6-0<br \/>\nTercera: 0-1<br \/>\nCuarta: 1-2<br \/>\nQuinta: 8-0<\/p>\n<p><em>Sportivo 4- Ireneo Portela 0<\/em><br \/>\nGoles: Agust\u00edn Poll x2, Santiago Sandoval y Ezequiel B\u00e1ez Corradi de tiro penal (S).<br \/>\nSub 21: 0-1<br \/>\nTercera: 1-0<br \/>\nCuarta: 8-0<br \/>\nQuinta: 17-0<\/p>\n<p><strong>Zona \u00abB\u00bb<\/strong><br \/>\n<em>G. San Mart\u00edn 1 &#8211; San Roque FC 0<\/em><br \/>\nGoles: Daniel M\u00e9ndez (SM)<br \/>\nSub 21: 1-1<br \/>\nTercera: 2-0<br \/>\nCuarta: 1-1<br \/>\nQuinta: 1-0<\/p>\n<p><em>Def. Unidos 1 &#8211; Rivadavia 1<\/em><br \/>\nGoles: El\u00edas Russo (DU) y Ariel Giles (R)<br \/>\nSub 21: 2-1<br \/>\nTercera: 1-0<br \/>\nCuarta: 2-1<br \/>\nQuinta: 0-2<\/p>\n<p><em>Atl\u00e9tico 3 &#8211; Dep. Alsina 1<\/em><br \/>\nGoles: Kevin Seisdedos, Santiago escobar y Hugo Siffredi (Atl\u00e9tico), Germ\u00e1n Soto de tiro penal (Alsina)<br \/>\nSub 21: 3-2<br \/>\nTercera: 3-0<br \/>\nCuarta: 16-0<br \/>\nQuinta: 7-0<\/p>\n<p><em>Mitre 1 &#8211; Independencia FC 0<\/em><br \/>\nGol: Mariano Mattig (M)<br \/>\nSub 21: 0-1<br \/>\nTercera: 0-1<br \/>\nCuarta: 2-0<br \/>\nQuinta: 1-2<\/p>\n<p><strong>Pr\u00f3xima fecha (2\u00b0)<\/strong><br \/>\n<strong>Zona A<\/strong><br \/>\n<em>Fundici\u00f3n-Sportivo<\/em><br \/>\nAm\u00e9rica \u2013 La Esperanza<br \/>\nBanfield-Paran\u00e1 FC<br \/>\nAgricultores-Central C\u00f3rdoba<\/p>\n<p><strong>Zona B<\/strong><br \/>\n<em>Rivadavia-Atl\u00e9tico<\/em><br \/>\nIndependencia-Def. Unidos<br \/>\nSan Roque-Mitre<br \/>\nLas Palmeras-G. San Mart\u00edn<\/p>\n<p><strong>Interzonal A y B<\/strong><br \/>\nIreneo Portela-Dep. Alsina<\/p>\n<p><strong>Posiciones<\/strong><br \/>\n<strong>Quinta<\/strong><br \/>\n<em>Zona A:<\/em> Sportivo, Paran\u00e1, Banfield, Agricultores y La Esperanza 3, C. C\u00f3rdoba, Am\u00e9rica, Fundici\u00f3n y Portela 0.<br \/>\n<em>Zona B:<\/em> Atl\u00e9tico, Rivadavia, Independencia y G. San Mart\u00edn 3, Def. Unidos, Alsina, Mitre, San Roque y Las Palmeras 0.<\/p>\n<p><strong>Cuarta<\/strong>:<br \/>\n<em>Zona A:<\/em> Sportivo, Agricultores, Paran\u00e1, C. C\u00f3rdoba y Fundici\u00f3n 3, Portela, Am\u00e9rica, Banfield y La Esperanza 0.<br \/>\n<em>Zona B:<\/em> Atl\u00e9tico, Mitre y Def. Unidos 3, G. San Mart\u00edn y San Roque 1, Las Palmeras, Alsina, Independencia y Rivadavia 0.<\/p>\n<p><strong>Tercera<\/strong><br \/>\n<em>Zona A:<\/em> Agricultores, C. C\u00f3rdoba, Fundici\u00f3n y Sportivo 3, Paran\u00e1 y Am\u00e9rica 1, La Esperanza, Banfield y Portela 0.<br \/>\n<em>Zona B:<\/em> Atl\u00e9tico, G. San Mart\u00edn, Independencia y Def. Unidos 3, Mitre, San Roque, Rivadavia, Alsina, Las Palmeras 0.<\/p>\n<p><strong>Sub 21<\/strong><br \/>\n<em>Zona A:<\/em> La Esperanza, Agricultores, Portela, Paran\u00e1 y Banfield 3, Am\u00e9rica, Sportivo, C. C\u00f3rdoba y Fundici\u00f3n 0.<br \/>\n<em>Zona B:<\/em> Atl\u00e9tico, Def. Unidos e Independencia 3, San Roque y San Mart\u00edn 1, Alsina, Mitre, Rivadavia y Las Palmeras 0.<\/p>\n<p><strong>Primera divisi\u00f3n &#8211; Torneo Clausura Anual Clasificatorio<\/strong><br \/>\n<em>\u201cBeto Manresa-Rubito L\u00f3pez\u201d<\/em><br \/>\n<img decoding=\"async\" data-attachment-id=\"37831\" data-permalink=\"https:\/\/eldiariodesanpedro.com.ar\/sitio\/futbol-local-golearon-la-esperanza-parana-atletico-y-sportivo-en-el-inicio-del-clausura\/tabla-zona-a-b\/\" data-orig-file=\"https:\/\/eldiariodesanpedro.com.ar\/sitio\/wp-content\/uploads\/2018\/08\/tabla-zona-A-B.jpg\" data-orig-size=\"1395,1105\" data-comments-opened=\"1\" data-image-meta=\"{&quot;aperture&quot;:&quot;0&quot;,&quot;credit&quot;:&quot;Fernando Bettendorff&quot;,&quot;camera&quot;:&quot;&quot;,&quot;caption&quot;:&quot;&quot;,&quot;created_timestamp&quot;:&quot;1533585870&quot;,&quot;copyright&quot;:&quot;&quot;,&quot;focal_length&quot;:&quot;0&quot;,&quot;iso&quot;:&quot;0&quot;,&quot;shutter_speed&quot;:&quot;0&quot;,&quot;title&quot;:&quot;&quot;,&quot;orientation&quot;:&quot;0&quot;}\" data-image-title=\"tabla zona A B\" data-image-description=\"\" data-image-caption=\"\" data-large-file=\"https:\/\/eldiariodesanpedro.com.ar\/sitio\/wp-content\/uploads\/2018\/08\/tabla-zona-A-B-1024x811.jpg\" data-src=\"https:\/\/eldiariodesanpedro.com.ar\/sitio\/wp-content\/uploads\/2018\/08\/tabla-zona-A-B-1024x811.jpg\" alt=\"\" width=\"660\" height=\"523\" class=\"alignnone size-large wp-image-37831 lazyload\" data-srcset=\"https:\/\/eldiariodesanpedro.com.ar\/sitio\/wp-content\/uploads\/2018\/08\/tabla-zona-A-B-1024x811.jpg 1024w, https:\/\/eldiariodesanpedro.com.ar\/sitio\/wp-content\/uploads\/2018\/08\/tabla-zona-A-B-300x238.jpg 300w, https:\/\/eldiariodesanpedro.com.ar\/sitio\/wp-content\/uploads\/2018\/08\/tabla-zona-A-B-768x608.jpg 768w, https:\/\/eldiariodesanpedro.com.ar\/sitio\/wp-content\/uploads\/2018\/08\/tabla-zona-A-B.jpg 1395w\" data-sizes=\"(max-width: 660px) 100vw, 660px\" src=\"data:image\/svg+xml;base64,PHN2ZyB3aWR0aD0iMSIgaGVpZ2h0PSIxIiB4bWxucz0iaHR0cDovL3d3dy53My5vcmcvMjAwMC9zdmciPjwvc3ZnPg==\" style=\"--smush-placeholder-width: 660px; --smush-placeholder-aspect-ratio: 660\/523;\" \/><\/p>\n<div data-carousel-extra='{&quot;blog_id&quot;:1,&quot;permalink&quot;:&quot;https:\/\/eldiariodesanpedro.com.ar\/sitio\/futbol-local-golearon-la-esperanza-parana-atletico-y-sportivo-en-el-inicio-del-clausura\/&quot;}' id='gallery-1' class='gallery galleryid-37829 gallery-columns-3 gallery-size-large'><figure class='gallery-item'>\n\t\t\t<div class='gallery-icon landscape'>\n\t\t\t\t<a href='https:\/\/eldiariodesanpedro.com.ar\/sitio\/futbol-local-golearon-la-esperanza-parana-atletico-y-sportivo-en-el-inicio-del-clausura\/puntapie-inicial\/'><img decoding=\"async\" width=\"640\" height=\"337\" data-src=\"https:\/\/eldiariodesanpedro.com.ar\/sitio\/wp-content\/uploads\/2018\/08\/puntapie-inicial-1024x539.jpg\" class=\"attachment-large size-large lazyload\" alt=\"El Diario de San Pedro | Noticias locales y regionales\" data-srcset=\"https:\/\/eldiariodesanpedro.com.ar\/sitio\/wp-content\/uploads\/2018\/08\/puntapie-inicial-1024x539.jpg 1024w, https:\/\/eldiariodesanpedro.com.ar\/sitio\/wp-content\/uploads\/2018\/08\/puntapie-inicial-300x158.jpg 300w, https:\/\/eldiariodesanpedro.com.ar\/sitio\/wp-content\/uploads\/2018\/08\/puntapie-inicial-768x405.jpg 768w, https:\/\/eldiariodesanpedro.com.ar\/sitio\/wp-content\/uploads\/2018\/08\/puntapie-inicial-390x205.jpg 390w, https:\/\/eldiariodesanpedro.com.ar\/sitio\/wp-content\/uploads\/2018\/08\/puntapie-inicial.jpg 1122w\" data-sizes=\"(max-width: 640px) 100vw, 640px\" data-attachment-id=\"37833\" data-permalink=\"https:\/\/eldiariodesanpedro.com.ar\/sitio\/futbol-local-golearon-la-esperanza-parana-atletico-y-sportivo-en-el-inicio-del-clausura\/puntapie-inicial\/\" data-orig-file=\"https:\/\/eldiariodesanpedro.com.ar\/sitio\/wp-content\/uploads\/2018\/08\/puntapie-inicial.jpg\" data-orig-size=\"1122,591\" data-comments-opened=\"1\" data-image-meta=\"{&quot;aperture&quot;:&quot;0&quot;,&quot;credit&quot;:&quot;Fernando Bettendorff&quot;,&quot;camera&quot;:&quot;&quot;,&quot;caption&quot;:&quot;&quot;,&quot;created_timestamp&quot;:&quot;1533589741&quot;,&quot;copyright&quot;:&quot;&quot;,&quot;focal_length&quot;:&quot;0&quot;,&quot;iso&quot;:&quot;0&quot;,&quot;shutter_speed&quot;:&quot;0&quot;,&quot;title&quot;:&quot;&quot;,&quot;orientation&quot;:&quot;0&quot;}\" data-image-title=\"puntapie inicial\" data-image-description=\"\" data-image-caption=\"\" data-large-file=\"https:\/\/eldiariodesanpedro.com.ar\/sitio\/wp-content\/uploads\/2018\/08\/puntapie-inicial-1024x539.jpg\" src=\"data:image\/svg+xml;base64,PHN2ZyB3aWR0aD0iMSIgaGVpZ2h0PSIxIiB4bWxucz0iaHR0cDovL3d3dy53My5vcmcvMjAwMC9zdmciPjwvc3ZnPg==\" style=\"--smush-placeholder-width: 640px; --smush-placeholder-aspect-ratio: 640\/337;\" \/><\/a>\n\t\t\t<\/div><\/figure><figure class='gallery-item'>\n\t\t\t<div class='gallery-icon landscape'>\n\t\t\t\t<a href='https:\/\/eldiariodesanpedro.com.ar\/sitio\/futbol-local-golearon-la-esperanza-parana-atletico-y-sportivo-en-el-inicio-del-clausura\/100_3245\/'><img decoding=\"async\" width=\"640\" height=\"480\" data-src=\"https:\/\/eldiariodesanpedro.com.ar\/sitio\/wp-content\/uploads\/2018\/08\/100_3245.jpg\" class=\"attachment-large size-large lazyload\" alt=\"El Diario de San Pedro | Noticias locales y regionales\" data-srcset=\"https:\/\/eldiariodesanpedro.com.ar\/sitio\/wp-content\/uploads\/2018\/08\/100_3245.jpg 668w, https:\/\/eldiariodesanpedro.com.ar\/sitio\/wp-content\/uploads\/2018\/08\/100_3245-300x225.jpg 300w\" data-sizes=\"(max-width: 640px) 100vw, 640px\" data-attachment-id=\"37834\" data-permalink=\"https:\/\/eldiariodesanpedro.com.ar\/sitio\/futbol-local-golearon-la-esperanza-parana-atletico-y-sportivo-en-el-inicio-del-clausura\/100_3245\/\" data-orig-file=\"https:\/\/eldiariodesanpedro.com.ar\/sitio\/wp-content\/uploads\/2018\/08\/100_3245.jpg\" data-orig-size=\"668,501\" data-comments-opened=\"1\" data-image-meta=\"{&quot;aperture&quot;:&quot;0&quot;,&quot;credit&quot;:&quot;Fernando Bettendorff&quot;,&quot;camera&quot;:&quot;&quot;,&quot;caption&quot;:&quot;&quot;,&quot;created_timestamp&quot;:&quot;1533589609&quot;,&quot;copyright&quot;:&quot;&quot;,&quot;focal_length&quot;:&quot;0&quot;,&quot;iso&quot;:&quot;0&quot;,&quot;shutter_speed&quot;:&quot;0&quot;,&quot;title&quot;:&quot;&quot;,&quot;orientation&quot;:&quot;0&quot;}\" data-image-title=\"100_3245\" data-image-description=\"\" data-image-caption=\"\" data-large-file=\"https:\/\/eldiariodesanpedro.com.ar\/sitio\/wp-content\/uploads\/2018\/08\/100_3245.jpg\" src=\"data:image\/svg+xml;base64,PHN2ZyB3aWR0aD0iMSIgaGVpZ2h0PSIxIiB4bWxucz0iaHR0cDovL3d3dy53My5vcmcvMjAwMC9zdmciPjwvc3ZnPg==\" style=\"--smush-placeholder-width: 640px; --smush-placeholder-aspect-ratio: 640\/480;\" \/><\/a>\n\t\t\t<\/div><\/figure><figure class='gallery-item'>\n\t\t\t<div class='gallery-icon landscape'>\n\t\t\t\t<a href='https:\/\/eldiariodesanpedro.com.ar\/sitio\/futbol-local-golearon-la-esperanza-parana-atletico-y-sportivo-en-el-inicio-del-clausura\/100_3248\/'><img decoding=\"async\" width=\"640\" height=\"480\" data-src=\"https:\/\/eldiariodesanpedro.com.ar\/sitio\/wp-content\/uploads\/2018\/08\/100_3248.jpg\" class=\"attachment-large size-large lazyload\" alt=\"El Diario de San Pedro | Noticias locales y regionales\" data-srcset=\"https:\/\/eldiariodesanpedro.com.ar\/sitio\/wp-content\/uploads\/2018\/08\/100_3248.jpg 668w, https:\/\/eldiariodesanpedro.com.ar\/sitio\/wp-content\/uploads\/2018\/08\/100_3248-300x225.jpg 300w\" data-sizes=\"(max-width: 640px) 100vw, 640px\" data-attachment-id=\"37835\" data-permalink=\"https:\/\/eldiariodesanpedro.com.ar\/sitio\/futbol-local-golearon-la-esperanza-parana-atletico-y-sportivo-en-el-inicio-del-clausura\/100_3248\/\" data-orig-file=\"https:\/\/eldiariodesanpedro.com.ar\/sitio\/wp-content\/uploads\/2018\/08\/100_3248.jpg\" data-orig-size=\"668,501\" data-comments-opened=\"1\" data-image-meta=\"{&quot;aperture&quot;:&quot;0&quot;,&quot;credit&quot;:&quot;Fernando Bettendorff&quot;,&quot;camera&quot;:&quot;&quot;,&quot;caption&quot;:&quot;&quot;,&quot;created_timestamp&quot;:&quot;1533589650&quot;,&quot;copyright&quot;:&quot;&quot;,&quot;focal_length&quot;:&quot;0&quot;,&quot;iso&quot;:&quot;0&quot;,&quot;shutter_speed&quot;:&quot;0&quot;,&quot;title&quot;:&quot;&quot;,&quot;orientation&quot;:&quot;0&quot;}\" data-image-title=\"100_3248\" data-image-description=\"\" data-image-caption=\"\" data-large-file=\"https:\/\/eldiariodesanpedro.com.ar\/sitio\/wp-content\/uploads\/2018\/08\/100_3248.jpg\" src=\"data:image\/svg+xml;base64,PHN2ZyB3aWR0aD0iMSIgaGVpZ2h0PSIxIiB4bWxucz0iaHR0cDovL3d3dy53My5vcmcvMjAwMC9zdmciPjwvc3ZnPg==\" style=\"--smush-placeholder-width: 640px; --smush-placeholder-aspect-ratio: 640\/480;\" \/><\/a>\n\t\t\t<\/div><\/figure><figure class='gallery-item'>\n\t\t\t<div class='gallery-icon landscape'>\n\t\t\t\t<a href='https:\/\/eldiariodesanpedro.com.ar\/sitio\/futbol-local-golearon-la-esperanza-parana-atletico-y-sportivo-en-el-inicio-del-clausura\/dscf1897\/'><img decoding=\"async\" width=\"640\" height=\"480\" data-src=\"https:\/\/eldiariodesanpedro.com.ar\/sitio\/wp-content\/uploads\/2018\/08\/DSCF1897-1024x768.jpg\" class=\"attachment-large size-large lazyload\" alt=\"El Diario de San Pedro | Noticias locales y regionales\" data-srcset=\"https:\/\/eldiariodesanpedro.com.ar\/sitio\/wp-content\/uploads\/2018\/08\/DSCF1897-1024x768.jpg 1024w, https:\/\/eldiariodesanpedro.com.ar\/sitio\/wp-content\/uploads\/2018\/08\/DSCF1897-300x225.jpg 300w, https:\/\/eldiariodesanpedro.com.ar\/sitio\/wp-content\/uploads\/2018\/08\/DSCF1897-768x576.jpg 768w\" data-sizes=\"(max-width: 640px) 100vw, 640px\" data-attachment-id=\"37836\" data-permalink=\"https:\/\/eldiariodesanpedro.com.ar\/sitio\/futbol-local-golearon-la-esperanza-parana-atletico-y-sportivo-en-el-inicio-del-clausura\/dscf1897\/\" data-orig-file=\"https:\/\/eldiariodesanpedro.com.ar\/sitio\/wp-content\/uploads\/2018\/08\/DSCF1897.jpg\" data-orig-size=\"2133,1600\" data-comments-opened=\"1\" data-image-meta=\"{&quot;aperture&quot;:&quot;0&quot;,&quot;credit&quot;:&quot;Fernando Bettendorff&quot;,&quot;camera&quot;:&quot;&quot;,&quot;caption&quot;:&quot;&quot;,&quot;created_timestamp&quot;:&quot;1533589674&quot;,&quot;copyright&quot;:&quot;&quot;,&quot;focal_length&quot;:&quot;0&quot;,&quot;iso&quot;:&quot;0&quot;,&quot;shutter_speed&quot;:&quot;0&quot;,&quot;title&quot;:&quot;&quot;,&quot;orientation&quot;:&quot;0&quot;}\" data-image-title=\"DSCF1897\" data-image-description=\"\" data-image-caption=\"\" data-large-file=\"https:\/\/eldiariodesanpedro.com.ar\/sitio\/wp-content\/uploads\/2018\/08\/DSCF1897-1024x768.jpg\" src=\"data:image\/svg+xml;base64,PHN2ZyB3aWR0aD0iMSIgaGVpZ2h0PSIxIiB4bWxucz0iaHR0cDovL3d3dy53My5vcmcvMjAwMC9zdmciPjwvc3ZnPg==\" style=\"--smush-placeholder-width: 640px; --smush-placeholder-aspect-ratio: 640\/480;\" \/><\/a>\n\t\t\t<\/div><\/figure><figure class='gallery-item'>\n\t\t\t<div class='gallery-icon landscape'>\n\t\t\t\t<a href='https:\/\/eldiariodesanpedro.com.ar\/sitio\/futbol-local-golearon-la-esperanza-parana-atletico-y-sportivo-en-el-inicio-del-clausura\/dscf1905\/'><img decoding=\"async\" width=\"640\" height=\"480\" data-src=\"https:\/\/eldiariodesanpedro.com.ar\/sitio\/wp-content\/uploads\/2018\/08\/DSCF1905-1024x768.jpg\" class=\"attachment-large size-large lazyload\" alt=\"El Diario de San Pedro | Noticias locales y regionales\" data-srcset=\"https:\/\/eldiariodesanpedro.com.ar\/sitio\/wp-content\/uploads\/2018\/08\/DSCF1905-1024x768.jpg 1024w, https:\/\/eldiariodesanpedro.com.ar\/sitio\/wp-content\/uploads\/2018\/08\/DSCF1905-300x225.jpg 300w, https:\/\/eldiariodesanpedro.com.ar\/sitio\/wp-content\/uploads\/2018\/08\/DSCF1905-768x576.jpg 768w, https:\/\/eldiariodesanpedro.com.ar\/sitio\/wp-content\/uploads\/2018\/08\/DSCF1905.jpg 1536w\" data-sizes=\"(max-width: 640px) 100vw, 640px\" data-attachment-id=\"37837\" data-permalink=\"https:\/\/eldiariodesanpedro.com.ar\/sitio\/futbol-local-golearon-la-esperanza-parana-atletico-y-sportivo-en-el-inicio-del-clausura\/dscf1905\/\" data-orig-file=\"https:\/\/eldiariodesanpedro.com.ar\/sitio\/wp-content\/uploads\/2018\/08\/DSCF1905.jpg\" data-orig-size=\"1536,1152\" data-comments-opened=\"1\" data-image-meta=\"{&quot;aperture&quot;:&quot;5.9&quot;,&quot;credit&quot;:&quot;Fernando Bettendorff&quot;,&quot;camera&quot;:&quot;FinePix S4000&quot;,&quot;caption&quot;:&quot;&quot;,&quot;created_timestamp&quot;:&quot;1533589705&quot;,&quot;copyright&quot;:&quot;&quot;,&quot;focal_length&quot;:&quot;96.1&quot;,&quot;iso&quot;:&quot;800&quot;,&quot;shutter_speed&quot;:&quot;0.0018181818181818&quot;,&quot;title&quot;:&quot;&quot;,&quot;orientation&quot;:&quot;1&quot;}\" data-image-title=\"DSCF1905\" data-image-description=\"\" data-image-caption=\"\" data-large-file=\"https:\/\/eldiariodesanpedro.com.ar\/sitio\/wp-content\/uploads\/2018\/08\/DSCF1905-1024x768.jpg\" src=\"data:image\/svg+xml;base64,PHN2ZyB3aWR0aD0iMSIgaGVpZ2h0PSIxIiB4bWxucz0iaHR0cDovL3d3dy53My5vcmcvMjAwMC9zdmciPjwvc3ZnPg==\" style=\"--smush-placeholder-width: 640px; --smush-placeholder-aspect-ratio: 640\/480;\" \/><\/a>\n\t\t\t<\/div><\/figure>\n\t\t<\/div>\n\n","protected":false},"excerpt":{"rendered":"<p>Comenz\u00f3 el Torneo Clausura \u201cBeto Manresa-Rubito L\u00f3pez\u201d de la Alianza San Pedro-Baradero, que organiza la Liga Sampedrina. El campe\u00f3n gan\u00f3 el s\u00e1bado, Mitre derrot\u00f3 a Independencia en el Municipal uno a cero con gol de Mariano Mattig a los 30m del complemento y sigue con su racha estirando a 12 los partidos sin derrotas (11 [&hellip;]<\/p>\n","protected":false},"author":4,"featured_media":37833,"comment_status":"open","ping_status":"closed","sticky":false,"template":"","format":"standard","meta":{"om_disable_all_campaigns":false,"_jetpack_memberships_contains_paid_content":false,"footnotes":""},"categories":[5],"tags":[],"class_list":["post-37829","post","type-post","status-publish","format-standard","has-post-thumbnail","hentry","category-deportes"],"aioseo_notices":[],"gutentor_comment":0,"jetpack_featured_media_url":"https:\/\/eldiariodesanpedro.com.ar\/sitio\/wp-content\/uploads\/2018\/08\/puntapie-inicial.jpg","jetpack_shortlink":"https:\/\/wp.me\/p6RhLt-9Q9","jetpack_sharing_enabled":true,"_links":{"self":[{"href":"https:\/\/eldiariodesanpedro.com.ar\/sitio\/wp-json\/wp\/v2\/posts\/37829","targetHints":{"allow":["GET"]}}],"collection":[{"href":"https:\/\/eldiariodesanpedro.com.ar\/sitio\/wp-json\/wp\/v2\/posts"}],"about":[{"href":"https:\/\/eldiariodesanpedro.com.ar\/sitio\/wp-json\/wp\/v2\/types\/post"}],"author":[{"embeddable":true,"href":"https:\/\/eldiariodesanpedro.com.ar\/sitio\/wp-json\/wp\/v2\/users\/4"}],"replies":[{"embeddable":true,"href":"https:\/\/eldiariodesanpedro.com.ar\/sitio\/wp-json\/wp\/v2\/comments?post=37829"}],"version-history":[{"count":1,"href":"https:\/\/eldiariodesanpedro.com.ar\/sitio\/wp-json\/wp\/v2\/posts\/37829\/revisions"}],"predecessor-version":[{"id":37838,"href":"https:\/\/eldiariodesanpedro.com.ar\/sitio\/wp-json\/wp\/v2\/posts\/37829\/revisions\/37838"}],"wp:featuredmedia":[{"embeddable":true,"href":"https:\/\/eldiariodesanpedro.com.ar\/sitio\/wp-json\/wp\/v2\/media\/37833"}],"wp:attachment":[{"href":"https:\/\/eldiariodesanpedro.com.ar\/sitio\/wp-json\/wp\/v2\/media?parent=37829"}],"wp:term":[{"taxonomy":"category","embeddable":true,"href":"https:\/\/eldiariodesanpedro.com.ar\/sitio\/wp-json\/wp\/v2\/categories?post=37829"},{"taxonomy":"post_tag","embeddable":true,"href":"https:\/\/eldiariodesanpedro.com.ar\/sitio\/wp-json\/wp\/v2\/tags?post=37829"}],"curies":[{"name":"wp","href":"https:\/\/api.w.org\/{rel}","templated":true}]}}