{"id":37808,"date":"2018-08-06T19:09:01","date_gmt":"2018-08-06T22:09:01","guid":{"rendered":"https:\/\/eldiariodesanpedro.com.ar\/sitio\/?p=37808"},"modified":"2018-08-06T19:09:01","modified_gmt":"2018-08-06T22:09:01","slug":"baradero-la-empresa-snow-travel-argentina-finalmente-realizo-el-viaje-de-egresados-a-los-alumnos-del-san-jose","status":"publish","type":"post","link":"https:\/\/eldiariodesanpedro.com.ar\/sitio\/baradero-la-empresa-snow-travel-argentina-finalmente-realizo-el-viaje-de-egresados-a-los-alumnos-del-san-jose\/","title":{"rendered":"BARADERO: La empresa Snow Travel Argentina finalmente realizo el viaje de egresados a los alumnos del San Jose"},"content":{"rendered":"<p><!-- VideographyWP Plugin Message: Automatic video embedding prevented by plugin options. --><br \/>\nSi hablamos de viaje de egresados para quienes son allegados a los chicos nos pone contento, pero en esta oportunidad mas all\u00e1 de esa situaci\u00f3n este momento pasa a ser noticia.<\/p>\n<p>A mediados de la semana anterior nos despert\u00e1bamos con la noticia que reflejaban todos o casi todos los medios nacionales que la empresa Snow Travel Argentina se habr\u00eda presentado en la Secretaria de Turismo declar\u00e1ndose insolvente para continuar con las prestaciones del servicio, a pocas horas de que los alunmos del Colegio San Jos\u00e9 emprendieran su tan so\u00f1ado viaje de egresados.<\/p>\n<p>Lleg\u00f3 el gran d\u00eda y el domingo al medio d\u00eda y en la Plaza Mitre como cada acontecimiento importante que transcurre en nuestra ciudad, se hac\u00edan presentes los alumnos junto a los familiares para emprender el tan esperado viaje.<\/p>\n<p>Con reuniones previas con los padres y charlas improvisadas en el lugar, se trataba de tranquilizar a los presentes comunicando que las prestaciones antes firmadas contractualmente se cumplir\u00edan con prestadores que se estar\u00edan solidariz\u00e1ndose para que este viaje se pueda realizar.<\/p>\n<p>En el lugar los padres debieron firmar una permiso lo cual se le entreg\u00f3 en el momento para cederle los derechos al la empresa Fiduciaria, de la famosa cuota cero que cubre gastos de traslado y de seguro.<\/p>\n<p>En las primeras horas de este lunes los chicos comenzaron a comunicarse contando que hac\u00edan la segunda y \u00faltima parada para desayunar para luego llegar a destino.<\/p>\n<p>Esperamos que los alumnos del Colegio San Jos\u00e9 disfruten cada momento ya que este es \u00fanico e irrepetible, sabemos de que el viaje de egresados es uno de los momentos que queda en la memoria de todos.<\/p>\n<p>Esperamos que esta situaci\u00f3n se resuelva muy pronto ya que est\u00e1n programados futuros viajes ya vendidos y con una cantidad considerable de cuotas pagas a esta empresa para alumnos de colegios de Baradero.<\/p>\n<p>Fuente: Baradero Te Informa<\/p>\n","protected":false},"excerpt":{"rendered":"<p>Si hablamos de viaje de egresados para quienes son allegados a los chicos nos pone contento, pero en esta oportunidad mas all\u00e1 de esa situaci\u00f3n este momento pasa a ser noticia. A mediados de la semana anterior nos despert\u00e1bamos con la noticia que reflejaban todos o casi todos los medios nacionales que la empresa Snow [&hellip;]<\/p>\n","protected":false},"author":4,"featured_media":37809,"comment_status":"open","ping_status":"closed","sticky":false,"template":"","format":"standard","meta":{"om_disable_all_campaigns":false,"_jetpack_memberships_contains_paid_content":false,"footnotes":""},"categories":[621],"tags":[],"class_list":["post-37808","post","type-post","status-publish","format-standard","has-post-thumbnail","hentry","category-regionales"],"aioseo_notices":[],"gutentor_comment":0,"jetpack_featured_media_url":"https:\/\/eldiariodesanpedro.com.ar\/sitio\/wp-content\/uploads\/2018\/08\/20180805_135006-1600x1200-1493x840.jpg","jetpack_shortlink":"https:\/\/wp.me\/p6RhLt-9PO","jetpack_sharing_enabled":true,"_links":{"self":[{"href":"https:\/\/eldiariodesanpedro.com.ar\/sitio\/wp-json\/wp\/v2\/posts\/37808","targetHints":{"allow":["GET"]}}],"collection":[{"href":"https:\/\/eldiariodesanpedro.com.ar\/sitio\/wp-json\/wp\/v2\/posts"}],"about":[{"href":"https:\/\/eldiariodesanpedro.com.ar\/sitio\/wp-json\/wp\/v2\/types\/post"}],"author":[{"embeddable":true,"href":"https:\/\/eldiariodesanpedro.com.ar\/sitio\/wp-json\/wp\/v2\/users\/4"}],"replies":[{"embeddable":true,"href":"https:\/\/eldiariodesanpedro.com.ar\/sitio\/wp-json\/wp\/v2\/comments?post=37808"}],"version-history":[{"count":1,"href":"https:\/\/eldiariodesanpedro.com.ar\/sitio\/wp-json\/wp\/v2\/posts\/37808\/revisions"}],"predecessor-version":[{"id":37810,"href":"https:\/\/eldiariodesanpedro.com.ar\/sitio\/wp-json\/wp\/v2\/posts\/37808\/revisions\/37810"}],"wp:featuredmedia":[{"embeddable":true,"href":"https:\/\/eldiariodesanpedro.com.ar\/sitio\/wp-json\/wp\/v2\/media\/37809"}],"wp:attachment":[{"href":"https:\/\/eldiariodesanpedro.com.ar\/sitio\/wp-json\/wp\/v2\/media?parent=37808"}],"wp:term":[{"taxonomy":"category","embeddable":true,"href":"https:\/\/eldiariodesanpedro.com.ar\/sitio\/wp-json\/wp\/v2\/categories?post=37808"},{"taxonomy":"post_tag","embeddable":true,"href":"https:\/\/eldiariodesanpedro.com.ar\/sitio\/wp-json\/wp\/v2\/tags?post=37808"}],"curies":[{"name":"wp","href":"https:\/\/api.w.org\/{rel}","templated":true}]}}