{"id":37802,"date":"2018-08-06T18:56:22","date_gmt":"2018-08-06T21:56:22","guid":{"rendered":"https:\/\/eldiariodesanpedro.com.ar\/sitio\/?p=37802"},"modified":"2018-08-06T18:56:22","modified_gmt":"2018-08-06T21:56:22","slug":"baradero-litoral-gas-visita-las-escuelas-primarias-de-baradero-con-su-programa-educativo-el-gas-llega-a-la-escuela","status":"publish","type":"post","link":"https:\/\/eldiariodesanpedro.com.ar\/sitio\/baradero-litoral-gas-visita-las-escuelas-primarias-de-baradero-con-su-programa-educativo-el-gas-llega-a-la-escuela\/","title":{"rendered":"BARADERO: Litoral Gas visita las escuelas primarias de Baradero con su Programa Educativo \u201cEl Gas llega a la Escuela\u201d"},"content":{"rendered":"<p><!-- VideographyWP Plugin Message: Automatic video embedding prevented by plugin options. --><br \/>\nEn el marco de la inauguraci\u00f3n de una nueva etapa del Programa Educativo \u201cEl Gas  llega a la Escuela\u201d, Litoral Gas se encuentra visitando las escuelas primarias de la localidad de Baradero.<\/p>\n<p>El primer encuentro se realizar\u00e1 el martes 07 de Agosto a las 09.30 Hs. en la Escuela N\u00ba 3, y se continuar\u00e1 durante los pr\u00f3ximos d\u00edas recorriendo las diferentes escuelas de la ciudad.<\/p>\n<p>Este Programa est\u00e1 destinado a docentes y alumnos de 5to y 6to grado con el objetivo de compartir conceptos claves relacionados con la tem\u00e1tica del gas  as\u00ed como tambi\u00e9n los consejos para su uso y la prevenci\u00f3n de accidentes provocados por mon\u00f3xido de carbono.<\/p>\n<p>Esta actividad forma parte de una de las metas que tiene la empresa de integrar la gesti\u00f3n empresarial con acciones educativas que tiendan a mejorar la calidad de vida de la comunidad.<\/p>\n<p>Fuente: Tu Linea Directa<\/p>\n","protected":false},"excerpt":{"rendered":"<p>En el marco de la inauguraci\u00f3n de una nueva etapa del Programa Educativo \u201cEl Gas llega a la Escuela\u201d, Litoral Gas se encuentra visitando las escuelas primarias de la localidad de Baradero. El primer encuentro se realizar\u00e1 el martes 07 de Agosto a las 09.30 Hs. en la Escuela N\u00ba 3, y se continuar\u00e1 durante [&hellip;]<\/p>\n","protected":false},"author":4,"featured_media":37805,"comment_status":"open","ping_status":"closed","sticky":false,"template":"","format":"standard","meta":{"om_disable_all_campaigns":false,"_jetpack_memberships_contains_paid_content":false,"footnotes":""},"categories":[621],"tags":[],"class_list":["post-37802","post","type-post","status-publish","format-standard","has-post-thumbnail","hentry","category-regionales"],"aioseo_notices":[],"gutentor_comment":0,"jetpack_featured_media_url":"https:\/\/eldiariodesanpedro.com.ar\/sitio\/wp-content\/uploads\/2018\/08\/gas_crop1491258874381.jpg_501420591.jpg","jetpack_shortlink":"https:\/\/wp.me\/p6RhLt-9PI","jetpack_sharing_enabled":true,"_links":{"self":[{"href":"https:\/\/eldiariodesanpedro.com.ar\/sitio\/wp-json\/wp\/v2\/posts\/37802","targetHints":{"allow":["GET"]}}],"collection":[{"href":"https:\/\/eldiariodesanpedro.com.ar\/sitio\/wp-json\/wp\/v2\/posts"}],"about":[{"href":"https:\/\/eldiariodesanpedro.com.ar\/sitio\/wp-json\/wp\/v2\/types\/post"}],"author":[{"embeddable":true,"href":"https:\/\/eldiariodesanpedro.com.ar\/sitio\/wp-json\/wp\/v2\/users\/4"}],"replies":[{"embeddable":true,"href":"https:\/\/eldiariodesanpedro.com.ar\/sitio\/wp-json\/wp\/v2\/comments?post=37802"}],"version-history":[{"count":1,"href":"https:\/\/eldiariodesanpedro.com.ar\/sitio\/wp-json\/wp\/v2\/posts\/37802\/revisions"}],"predecessor-version":[{"id":37806,"href":"https:\/\/eldiariodesanpedro.com.ar\/sitio\/wp-json\/wp\/v2\/posts\/37802\/revisions\/37806"}],"wp:featuredmedia":[{"embeddable":true,"href":"https:\/\/eldiariodesanpedro.com.ar\/sitio\/wp-json\/wp\/v2\/media\/37805"}],"wp:attachment":[{"href":"https:\/\/eldiariodesanpedro.com.ar\/sitio\/wp-json\/wp\/v2\/media?parent=37802"}],"wp:term":[{"taxonomy":"category","embeddable":true,"href":"https:\/\/eldiariodesanpedro.com.ar\/sitio\/wp-json\/wp\/v2\/categories?post=37802"},{"taxonomy":"post_tag","embeddable":true,"href":"https:\/\/eldiariodesanpedro.com.ar\/sitio\/wp-json\/wp\/v2\/tags?post=37802"}],"curies":[{"name":"wp","href":"https:\/\/api.w.org\/{rel}","templated":true}]}}