{"id":37799,"date":"2018-08-06T18:45:20","date_gmt":"2018-08-06T21:45:20","guid":{"rendered":"https:\/\/eldiariodesanpedro.com.ar\/sitio\/?p=37799"},"modified":"2018-08-06T18:48:37","modified_gmt":"2018-08-06T21:48:37","slug":"campana-en-campana-comenzaron-a-retirar-productos-congelados-no-aptos-para-el-consumo","status":"publish","type":"post","link":"https:\/\/eldiariodesanpedro.com.ar\/sitio\/campana-en-campana-comenzaron-a-retirar-productos-congelados-no-aptos-para-el-consumo\/","title":{"rendered":"CAMPANA: En Campana comenzaron a retirar productos congelados no aptos para el consumo"},"content":{"rendered":"<p><!-- VideographyWP Plugin Message: Automatic video embedding prevented by plugin options. --><br \/>\nLuego que se difundiera el alerta por la prohibici\u00f3n de diferentes productos congelados por parte de la Administraci\u00f3n Nacional de Medicamentos, Alimentos y Tecnolog\u00eda M\u00e9dica (ANMAT), la Direcci\u00f3n de Bromatolog\u00eda y Zoonosis del Municipio realiza inspecciones en supermercados a fin de detectar y retirar los lotes no que son aptos para consumo.<\/p>\n<p>Se trata de productos congelados a base de ma\u00edz y otros vegetales de distintas marcas provenientes de la planta h\u00fangara Greenyard Frozen Hungary Kft.<\/p>\n<p>La decisi\u00f3n obedece a que el Sistema Europeo de Alerta R\u00e1pida para Alimentos y Piensos (RASFF) report\u00f3 que \u201cproductos procesados en ese establecimiento entre el 13 de agosto de 2016 y el 20 de junio de 2018, est\u00e1n involucrados en un brote de listeriosis\u201d que ya provoc\u00f3 9 muertes en Europa.<\/p>\n<p>Por ello, el responsable de dicha direcci\u00f3n municipal explic\u00f3 que si bien se est\u00e1 coordinando el retiro del mercado de las partidas detalladas por ANMAT (Fr\u00edo Polar S.A., Nutrifrost S.A. y Compa\u00f1\u00eda Industrial Frutihort\u00edcola S.A.), recomend\u00f3 tanto a los due\u00f1os de comercios del rubro alimenticio como a los vecinos que tengan estos productos en su poder que se abstengan de venderlos, utilizarlos o consumirlos.<\/p>\n<p>Detalle de los productos retirados del mercado<\/p>\n<p>Empresa Fr\u00edo Polar S.A.<\/p>\n<p>1) Choclo entero IQF x 1 kg y 2,5 kg marca: Arganic, Lotes M -17218\/1, M -18118\/1, M- 17718\/8, M -17818\/2 con Vto.: 06\/10\/19, Lotes M- 18318\/3, M- 17218\/2 con Vto.: 12\/10\/19.<\/p>\n<p>2) Mix Primavera IQF x 2,5 kg marca: Arganic, Lotes: M \u2013 11718\/5, M-17218\/3 con Vto.: 09\/12\/18; M-18318\/1, Vto.: 17\/12\/18.<\/p>\n<p>3) Mix Primavera especial IQF x 15 kg marca: Arganic, Lote M-17818\/1, Vto.: 17\/12\/18,<\/p>\n<p>4) Mix Primavera cortado gen\u00e9rico IQF -1 kg, M 11718\/6, Vto. 09\/12\/18.Con RNPA N\u00b0 E\/T 4049-28232\/17<\/p>\n<p>Empresa Nutrifrost S.A.<\/p>\n<p>1) Choclo Supercongelado, marca ARO, 2500 grs, RNPA N\u00b0 02-575911, 4089-10454\/13 lotes\/vto: 163-17\/ 12\/06\/19,179-17\/ 28\/06\/19 y 312-17\/ 08\/11\/19.<\/p>\n<p>2) Choclo Supercongelado, marca DIA 350 grs., RNPA N\u00b0 4089-12030\/09, lote\/vto: 160-17\/ 09\/06\/19,175-17\/ 24\/06\/19,179-17\/ 28\/06\/19, 187-17\/ 06\/07\/19, 159-17\/ 16\/09\/19, 265-17\/ 22\/09\/19, 269-17\/ 26\/09\/19, 272-17\/ 29\/09\/19, 290-17\/ 17\/10\/19, 300-17\/ 27\/10\/19 y 301-17\/ 28\/10\/19.<\/p>\n<p>3) Choclo Supercongelado, marca ERIN, 2500 grs., RNPA N\u00b0 02-559572, lotes\/vto: 163-17\/ 12\/06\/19, 179-17\/ 28\/06\/19, 227-17\/ 15\/08\/19, 268-17\/ 25\/09\/19 y 294-17\/ 21\/10\/19.<\/p>\n<p>4) Choclo Supercongelado, marca JUMBO, RNPA N\u00b0 02-575911, 300 grs, lote\/vto: 205-17\/ 24\/07\/19.<\/p>\n<p>5) Choclo Supercongelado, marca LA ANONIMA 300 grs., RNPA N\u00b0 02-590262, lotes\/vto: 198-17\/17\/07\/19, 206-17\/ 25\/07\/19, 269-17\/ 26\/09\/19 y 322-17\/ 18\/11\/19.<\/p>\n<p>6) Choclo Supercongelado, marca MOLTO, RNPA N\u00b0 02-585385, 300 grs, lote\/vtos: 235-17\/ 25\/08\/19 y 243-17\/ 31\/08\/19.<\/p>\n<p>7) Choclo Supercongelado, marca NELO, 2500 grs., RNPA N\u00b0 02-590262, lotes\/vto:163-17\/ 12\/06\/19, RNPA N\u00b0 02-576178, lotes\/vto: 175-17\/ 24\/06\/19 , 227-17\/ 15\/10\/19, 162-17\/ 19\/09\/19, 312-17\/ 08\/11\/19, 325-17\/ 21\/11\/19 y RNPA N\u00b0 02-575911, lote: 179-17\/ 28\/06\/19.<\/p>\n<p>8) Choclo Supercongelado, marca, MAGLIA, 300 grs., RNPA N\u00b0 02-581452, lotes\/vto: 192-17\/ 11\/07\/19, 198-17\/ 17\/07\/19, 259-17\/ 16\/09\/19 y 272-17\/ 29\/09\/19.<\/p>\n<p>9) Mix de Vegetales Supercongelado, marca DIA, 400 grs., RNPA N\u00b0 4089-10452\/13 lotes\/vto: 188-17\/ 07\/07\/19, 247-17\/ 04\/09\/19, 292-17\/ 19\/10\/19, 320-17\/ 16\/11\/19.<\/p>\n<p>10) Ensalada Ibiza Supercongelada, marca DIA, RNPA N\u00b0 4089-12030\/09, 350 grs., lotes\/vto: 205-17\/ 24\/07\/19, 240-17\/ 28\/08\/19, 266-17\/ 23\/09\/19, 273-17\/ 30\/09\/19 y 290-17\/ 17\/10\/19.<\/p>\n<p>11) Mix Primavera Supercongelada, marca CARREFOUR, RNPA N\u00b0 2906-17161\/14, 300 grs. lotes\/vto: 280-17\/ 07\/10\/19.<\/p>\n<p>12) Mix Primavera Supercongelada, marca DIA, 500 grs., RNPA N\u00b0 4089-12030\/09, lotes\/vto: 184-17\/ 03\/07\/19,192-17\/ 11\/07\/19,200-17\/ 19\/07\/19, 303-17\/ 30\/10\/19, 311-17\/ 07\/11\/19 y 326-17\/ 22\/11\/19.<\/p>\n<p>13) Mix Primavera Supercongelada, marca ERIN, 1000 grs., RNPA N\u00b0 02-590313, lotes\/vto: 184-17\/ 03\/07\/19, 234-17\/ 22\/08\/19 y 326-17\/ 22\/11\/19.<\/p>\n<p>14) Mix Primavera Supercongelada, marca ERIN, RNPA N\u00b0 02-590313, 2500 grs., lote\/vto: 186-17\/ 05\/07\/19.<\/p>\n<p>15) Mix Primavera Supercongelada, marca GREAT VALUE, 400 grs., RNPA N\u00b0 02-572770, lotes\/vto:264-17\/ 21\/09\/19, 269-17\/ 26\/09\/19, 273-17\/ 03\/10\/19 y 326-17\/ 22\/11\/19.<\/p>\n<p>16) Mix Primavera Supercongelada, marca LA ANONIMA, 400 grs., RNPA N\u00b002-570639, lotes\/vto: 234-17\/ 22\/08\/19, 269-17\/ 26\/09\/19, 298-17\/ 25\/10\/19 y 311-17\/ 07\/11\/19.<\/p>\n<p>17) Mix Primavera Supercongelada, marca MAGLIA, 400 grs., RNPA N\u00b0 2906-12815\/17, lotes\/vto: 198-17\/ 17\/07\/19, 200-17\/ 19\/07\/19, 205-17\/ 24\/07\/19, 298-17\/ 25\/10\/19 y 311-17\/ 07\/11\/19.<\/p>\n<p>18) Relleno para Tacos con Pollo, marca MAGLIA, RNPA N\u00b0 2906-11050\/16 400 grs, lote\/vto: 212-17\/ 31\/07\/19.<\/p>\n<p>19) Relleno para tarta de Vegetales Supercongelados, marca MAGLIA, 400 grs., RNPA N\u00b0 02-581375, lotes\/vto: 202-17\/21\/07\/19, 282-17\/ 09\/10\/19 y 327-17\/ 23\/11\/19.<\/p>\n<p>20) Sopa Supercongelada, marca LA ANONIMA, 400 grs., RNPA: 2906-290\/15, lote\/vto: 192-17\/ 11\/07\/19.<\/p>\n<p>21) Wok de Pollo Supercongelado, marca DIA, 400 grs., RNPA: 4089-5282\/10, lotes\/ vto:213-17\/ 01\/08\/19, 223-17\/ 11\/08\/19 y 268-17\/ 25\/09\/19.<\/p>\n<p>22) Wok de Pollo Supercongelado, marca GREAT VALUE, 400 grs., RNPA: 02-576913 lotes\/vto: 188-17\/ 07\/07\/19, 223-17\/ 11\/08\/19 y 268-17\/ 25\/09\/19.<\/p>\n<p>23) Wok de Pollo Supercongelado, marca LA ANONIMA, 400 grs., RNPA: 02-576836 lotes\/vto: 181-17\/ 10\/07\/19, 192-17\/ 11\/07\/19 y 249-17\/ 06\/09\/19.<\/p>\n<p>24) Wok de Pollo Supercongelado, marca MAGLIA, 400 grs., RNPA: 02-584797 lote\/vto: 263-17\/ 20\/09\/19.<\/p>\n<p>25) Wok de Vegetales, marca ERIN, 2500 grs., RNPA: 02-587329 lote\/vto: 315-17\/ 11\/11\/19.<\/p>\n<p>26) Wok de Vegetales Supercongelados, marca MAGLIA, 400 grs., RNPA N\u00b0 02-581376, lotes\/vto: 206-17\/ 25\/07\/19, 304-17\/ 31\/10\/19.<\/p>\n<p>27) Wok de Vegetales Supercongelado, marca JUMBO, 400 grs, RNPA N\u00b0 2906-2984\/15 lotes\/vto: 188-17\/ 07\/07\/19 y 319-17\/ 15\/11\/19.<\/p>\n<p>28) Wok de Vegetales Supercongelado, marca LA ANONIMA, 400 grs., RNPA N\u00b0 2906-2488\/15, lotes\/vto: 319-17\/ 15\/11\/19, 320-17\/ 16\/11\/19.<\/p>\n<p>Empresa Compa\u00f1\u00eda Industrial Frutihort\u00edcola S.A.<\/p>\n<p>1) Choclo Supercongelado, marca: CIFSA, RNPA: Exp. 4049-28183-2017<br \/>\nLotes\/ Vto.: 55227171 \/ 15\/08\/19, W6313G8 \/ 09\/11\/18 55143171\/ 23\/05\/19, 55206171 \/ 25\/07\/19, 55208171 \/ 27\/07\/19, 55263171 \/ 20\/09\/19, 55265171 \/ 22\/09\/19, 55276171 \/ 03\/10\/19, 55279173 \/ 06\/10\/19, 55308171 \/ 04\/11\/19, 55314171 \/ 10\/11\/19, 55322171 \/ 18\/11\/19<\/p>\n<p>2) Ensalada primavera congelada, marca: CIFSA, RNPA: 4049-28233-2017<br \/>\nLotes \/ Vto: w7897i8 \/ 11\/04\/19, 55143171 \/ 23\/05\/19, 55160171 \/ 09\/06\/19, 55178171 \/ 27\/06\/19, 55179171 \/ 28\/06\/19, 55143171 \/ 23\/05\/19, 55181171 \/ 30\/06\/19.<\/p>\n<p>3) Arvejas supercongeladas, marca: CIFSA, RNPA: 4049-28233-2017<br \/>\nLote\/ Vto.: 55026181\/ 26\/01\/20, 55074181\/ 15\/03\/20, 55143171 \/ 23\/05\/19, 55149181 \/ 26\/05\/20, 55275171 \/ 02\/10\/19, 55326171\/ 22\/11\/19.<br \/>\nCon RNE 02-033570<\/p>\n<p>Fuente: Enlace Critico<\/p>\n","protected":false},"excerpt":{"rendered":"<p>Luego que se difundiera el alerta por la prohibici\u00f3n de diferentes productos congelados por parte de la Administraci\u00f3n Nacional de Medicamentos, Alimentos y Tecnolog\u00eda M\u00e9dica (ANMAT), la Direcci\u00f3n de Bromatolog\u00eda y Zoonosis del Municipio realiza inspecciones en supermercados a fin de detectar y retirar los lotes no que son aptos para consumo. Se trata de [&hellip;]<\/p>\n","protected":false},"author":4,"featured_media":37801,"comment_status":"open","ping_status":"closed","sticky":false,"template":"","format":"standard","meta":{"om_disable_all_campaigns":false,"_jetpack_memberships_contains_paid_content":false,"footnotes":""},"categories":[621],"tags":[],"class_list":["post-37799","post","type-post","status-publish","format-standard","has-post-thumbnail","hentry","category-regionales"],"aioseo_notices":[],"gutentor_comment":0,"jetpack_featured_media_url":"https:\/\/eldiariodesanpedro.com.ar\/sitio\/wp-content\/uploads\/2018\/08\/Productos-congelados.jpg","jetpack_shortlink":"https:\/\/wp.me\/p6RhLt-9PF","jetpack_sharing_enabled":true,"_links":{"self":[{"href":"https:\/\/eldiariodesanpedro.com.ar\/sitio\/wp-json\/wp\/v2\/posts\/37799","targetHints":{"allow":["GET"]}}],"collection":[{"href":"https:\/\/eldiariodesanpedro.com.ar\/sitio\/wp-json\/wp\/v2\/posts"}],"about":[{"href":"https:\/\/eldiariodesanpedro.com.ar\/sitio\/wp-json\/wp\/v2\/types\/post"}],"author":[{"embeddable":true,"href":"https:\/\/eldiariodesanpedro.com.ar\/sitio\/wp-json\/wp\/v2\/users\/4"}],"replies":[{"embeddable":true,"href":"https:\/\/eldiariodesanpedro.com.ar\/sitio\/wp-json\/wp\/v2\/comments?post=37799"}],"version-history":[{"count":1,"href":"https:\/\/eldiariodesanpedro.com.ar\/sitio\/wp-json\/wp\/v2\/posts\/37799\/revisions"}],"predecessor-version":[{"id":37800,"href":"https:\/\/eldiariodesanpedro.com.ar\/sitio\/wp-json\/wp\/v2\/posts\/37799\/revisions\/37800"}],"wp:featuredmedia":[{"embeddable":true,"href":"https:\/\/eldiariodesanpedro.com.ar\/sitio\/wp-json\/wp\/v2\/media\/37801"}],"wp:attachment":[{"href":"https:\/\/eldiariodesanpedro.com.ar\/sitio\/wp-json\/wp\/v2\/media?parent=37799"}],"wp:term":[{"taxonomy":"category","embeddable":true,"href":"https:\/\/eldiariodesanpedro.com.ar\/sitio\/wp-json\/wp\/v2\/categories?post=37799"},{"taxonomy":"post_tag","embeddable":true,"href":"https:\/\/eldiariodesanpedro.com.ar\/sitio\/wp-json\/wp\/v2\/tags?post=37799"}],"curies":[{"name":"wp","href":"https:\/\/api.w.org\/{rel}","templated":true}]}}