{"id":37795,"date":"2018-08-06T18:35:10","date_gmt":"2018-08-06T21:35:10","guid":{"rendered":"https:\/\/eldiariodesanpedro.com.ar\/sitio\/?p=37795"},"modified":"2018-08-06T18:35:10","modified_gmt":"2018-08-06T21:35:10","slug":"san-nicolas-importante-empresa-santafesina-se-radica-en-el-parque-industrial-san-nicolas","status":"publish","type":"post","link":"https:\/\/eldiariodesanpedro.com.ar\/sitio\/san-nicolas-importante-empresa-santafesina-se-radica-en-el-parque-industrial-san-nicolas\/","title":{"rendered":"SAN NICOLAS: Importante empresa santafesina se radica en el Parque Industrial San Nicol\u00e1s"},"content":{"rendered":"<p><!-- VideographyWP Plugin Message: Automatic video embedding prevented by plugin options. --><br \/>\nLa firma T\u00edpco S.R.L buscaba terrenos industriales en los parques de la zona de Rosario pero termin\u00f3 comprando lotes en el Parque Industrial Norte de nuestra ciudad. Especializada en el desarrollo de maquinaria para el sector aceitero, en 15 d\u00edas comenzar\u00e1 a construir su nave de operaciones. Y en octubre estar\u00e1 produciendo.<\/p>\n<p>Tras sondear diversos parques industriales del Gran Rosario, la firma Tipco SRL, especializada en el desarrollo de maquinaria para el sector aceitero, decidi\u00f3 mudar sus operaciones fabriles al Parque Industrial Norte de San Nicol\u00e1s. A partir de octubre trabajar\u00e1n en el predio ubicado a un costado del acceso D\u00e1maso Vald\u00e9s, que se inaugurara formalmente hace pocos d\u00edas y proyecta una importante expansi\u00f3n.<\/p>\n<p>Nacida hace una d\u00e9cada, Tipco es una empresa familiar compuesta por profesionales con pasado en las principales firmas del complejo oleaginoso. Domiciliados en la zona sur de Rosario, primero se concentraron en el desarrollo de ingenier\u00eda y en 2014 avanzaron hacia la fabricaci\u00f3n de equipos, momento en el que comenzaron a indagar sobre posibles locaciones para montar su propia nave industrial.<\/p>\n<p>\u00abNosotros tercerizamos con varios talleres. El tema fue que cuando comenzamos a crecer en volumen de trabajo no pod\u00edamos estar de todos y esa carencia nos implicaba mayores costos. Se nos escapaban muchas cosas y soy un convencido que siempre hay que ser muy eficiente\u00bb, explic\u00f3 Sebasti\u00e1n Lasgoity, uno de los titulares de la firma.<\/p>\n<p>Analizaron desembarcar en San Lorenzo, P\u00e9rez y Alvear, pero finalmente se decidieron por el Parque Industrial Norte de San Nicol\u00e1s por las facilidades de pago y por cuestiones relativas a los plazos. \u00abEl parque iba a llevar un tiempo, y eso nos jugaba a favor porque ten\u00edamos que conseguir los fondos\u00bb, dijo Lasgoity, quien descart\u00f3 el factor precio (\u00aberan medianamente parecidos\u00bb, cont\u00f3).<\/p>\n<p>Con todo el movimiento de suelo realizado, en pocos d\u00edas empiezan a montar el galp\u00f3n, para iniciar operaciones sobre el mes de octubre. A partir de esa fecha desactivar\u00e1n la producci\u00f3n en Rosario y concentrar\u00e1n casi todo el trabajo en San Nicol\u00e1s. \u00abNo ser\u00e1 el 100 por ciento porque continuaremos tercerizando algunas cosas\u00bb, explic\u00f3 el empresario, quien destac\u00f3 que la inversi\u00f3n -de la cual prefiri\u00f3 no dar cifras- fue solventada con un cr\u00e9dito bancario destinado fundamentalmente a la adquisici\u00f3n de maquinaria.<\/p>\n<p>Adem\u00e1s del mayor volumen de trabajo, Lasgoity agreg\u00f3 que otro de los motivos del crecimiento fue evitar que los talleres ofrezcan por cuenta propia el know how de las m\u00e1quinas de Tipco. \u00abNos ha pasado, y en el dise\u00f1o est\u00e1 el verdadero secreto de nuestra firma\u00bb, argument\u00f3. Se agranda el parque<\/p>\n<p>La empresa santafesina es una de las 27 pymes que se radicar\u00e1n en el Parque Industrial Norte de San Nicol\u00e1s, que se inaugur\u00f3 formalmente con el inicio productivo de embotelladora La Nicole\u00f1a SA.<\/p>\n<p>Sobre este tema, el secretario de Desarrollo Productivo de San Nicol\u00e1s, Francisco Buchara, adelant\u00f3 que desde el municipio ya tienen en carpeta una segunda etapa del \u00e1rea, donde se duplicar\u00e1 la superficie para empresas productivas y se destinar\u00e1n unas 15 hect\u00e1reas para el sector log\u00edstico.<\/p>\n<p>El Parque Industrial Norte se encuentra emplazado en un predio de 18 hect\u00e1reas, ubicado estrat\u00e9gicamente sobre la Autopista Buenos Aires-Rosario (km 234) y el acceso norte a la ciudad, por calle D\u00e1maso Vald\u00e9s. Esa ubicaci\u00f3n brinda importantes ventajas log\u00edsticas ya que se conecta con el corredor productivo del norte de la provincia de Buenos Aires, a 7 km. del puerto, a 5 km. del ferrocarril Mitre, a 8 km. de la RN188 (conecta con Mendoza y Chile) y a 10 km. del Aeroclub San Nicol\u00e1s.<\/p>\n<p>Fuente: Diario El Norte<\/p>\n","protected":false},"excerpt":{"rendered":"<p>La firma T\u00edpco S.R.L buscaba terrenos industriales en los parques de la zona de Rosario pero termin\u00f3 comprando lotes en el Parque Industrial Norte de nuestra ciudad. Especializada en el desarrollo de maquinaria para el sector aceitero, en 15 d\u00edas comenzar\u00e1 a construir su nave de operaciones. Y en octubre estar\u00e1 produciendo. Tras sondear diversos [&hellip;]<\/p>\n","protected":false},"author":4,"featured_media":37797,"comment_status":"open","ping_status":"closed","sticky":false,"template":"","format":"standard","meta":{"om_disable_all_campaigns":false,"_jetpack_memberships_contains_paid_content":false,"footnotes":""},"categories":[621],"tags":[],"class_list":["post-37795","post","type-post","status-publish","format-standard","has-post-thumbnail","hentry","category-regionales"],"aioseo_notices":[],"gutentor_comment":0,"jetpack_featured_media_url":"https:\/\/eldiariodesanpedro.com.ar\/sitio\/wp-content\/uploads\/2018\/08\/elnorte5b68096f8de06_2-parque.jpg","jetpack_shortlink":"https:\/\/wp.me\/p6RhLt-9PB","jetpack_sharing_enabled":true,"_links":{"self":[{"href":"https:\/\/eldiariodesanpedro.com.ar\/sitio\/wp-json\/wp\/v2\/posts\/37795","targetHints":{"allow":["GET"]}}],"collection":[{"href":"https:\/\/eldiariodesanpedro.com.ar\/sitio\/wp-json\/wp\/v2\/posts"}],"about":[{"href":"https:\/\/eldiariodesanpedro.com.ar\/sitio\/wp-json\/wp\/v2\/types\/post"}],"author":[{"embeddable":true,"href":"https:\/\/eldiariodesanpedro.com.ar\/sitio\/wp-json\/wp\/v2\/users\/4"}],"replies":[{"embeddable":true,"href":"https:\/\/eldiariodesanpedro.com.ar\/sitio\/wp-json\/wp\/v2\/comments?post=37795"}],"version-history":[{"count":1,"href":"https:\/\/eldiariodesanpedro.com.ar\/sitio\/wp-json\/wp\/v2\/posts\/37795\/revisions"}],"predecessor-version":[{"id":37798,"href":"https:\/\/eldiariodesanpedro.com.ar\/sitio\/wp-json\/wp\/v2\/posts\/37795\/revisions\/37798"}],"wp:featuredmedia":[{"embeddable":true,"href":"https:\/\/eldiariodesanpedro.com.ar\/sitio\/wp-json\/wp\/v2\/media\/37797"}],"wp:attachment":[{"href":"https:\/\/eldiariodesanpedro.com.ar\/sitio\/wp-json\/wp\/v2\/media?parent=37795"}],"wp:term":[{"taxonomy":"category","embeddable":true,"href":"https:\/\/eldiariodesanpedro.com.ar\/sitio\/wp-json\/wp\/v2\/categories?post=37795"},{"taxonomy":"post_tag","embeddable":true,"href":"https:\/\/eldiariodesanpedro.com.ar\/sitio\/wp-json\/wp\/v2\/tags?post=37795"}],"curies":[{"name":"wp","href":"https:\/\/api.w.org\/{rel}","templated":true}]}}