{"id":37779,"date":"2018-08-06T17:41:37","date_gmt":"2018-08-06T20:41:37","guid":{"rendered":"https:\/\/eldiariodesanpedro.com.ar\/sitio\/?p=37779"},"modified":"2018-08-06T19:00:19","modified_gmt":"2018-08-06T22:00:19","slug":"campanas-y-vacacional-por-sarampion-y-triple-viral","status":"publish","type":"post","link":"https:\/\/eldiariodesanpedro.com.ar\/sitio\/campanas-y-vacacional-por-sarampion-y-triple-viral\/","title":{"rendered":"Campa\u00f1a de vacunaci\u00f3n  por Sarampi\u00f3n y Triple Viral"},"content":{"rendered":"<p><!-- VideographyWP Plugin Message: Automatic video embedding prevented by plugin options. --><br \/>\nLa Subsecretar\u00eda de Salud de la Municipalidad de San Pedro informa que ante la detecci\u00f3n de casos positivos de Sarampi\u00f3n en Capital Federal y algunas localidades de la Provincia de Bs. As. se realizar\u00e1 la vacunaci\u00f3n preventiva en  Octubre y Noviembre como cada 4 a\u00f1os. <\/p>\n<p>Adem\u00e1s en los centros de salud se realiza el control de libreta  y vacunaci\u00f3n Triple Viral desde el 1 a\u00f1o de vida hasta los 5\/6 a\u00f1os. El personal de Salud, j\u00f3venes y adultos debe recibir al menos 2 dosis. Si tiene dudas ac\u00e9rquese al Hospital o a los Centros para m\u00e1s informaci\u00f3n.<\/p>\n","protected":false},"excerpt":{"rendered":"<p>La Subsecretar\u00eda de Salud de la Municipalidad de San Pedro informa que ante la detecci\u00f3n de casos positivos de Sarampi\u00f3n en Capital Federal y algunas localidades de la Provincia de Bs. As. se realizar\u00e1 la vacunaci\u00f3n preventiva en Octubre y Noviembre como cada 4 a\u00f1os. Adem\u00e1s en los centros de salud se realiza el control [&hellip;]<\/p>\n","protected":false},"author":4,"featured_media":37786,"comment_status":"open","ping_status":"closed","sticky":false,"template":"","format":"standard","meta":{"om_disable_all_campaigns":false,"_jetpack_memberships_contains_paid_content":false,"footnotes":""},"categories":[101,2],"tags":[],"class_list":["post-37779","post","type-post","status-publish","format-standard","has-post-thumbnail","hentry","category-interes-general-locales","category-locales"],"aioseo_notices":[],"gutentor_comment":0,"jetpack_featured_media_url":"https:\/\/eldiariodesanpedro.com.ar\/sitio\/wp-content\/uploads\/2018\/08\/sarampion.png","jetpack_shortlink":"https:\/\/wp.me\/p6RhLt-9Pl","jetpack_sharing_enabled":true,"_links":{"self":[{"href":"https:\/\/eldiariodesanpedro.com.ar\/sitio\/wp-json\/wp\/v2\/posts\/37779","targetHints":{"allow":["GET"]}}],"collection":[{"href":"https:\/\/eldiariodesanpedro.com.ar\/sitio\/wp-json\/wp\/v2\/posts"}],"about":[{"href":"https:\/\/eldiariodesanpedro.com.ar\/sitio\/wp-json\/wp\/v2\/types\/post"}],"author":[{"embeddable":true,"href":"https:\/\/eldiariodesanpedro.com.ar\/sitio\/wp-json\/wp\/v2\/users\/4"}],"replies":[{"embeddable":true,"href":"https:\/\/eldiariodesanpedro.com.ar\/sitio\/wp-json\/wp\/v2\/comments?post=37779"}],"version-history":[{"count":2,"href":"https:\/\/eldiariodesanpedro.com.ar\/sitio\/wp-json\/wp\/v2\/posts\/37779\/revisions"}],"predecessor-version":[{"id":37807,"href":"https:\/\/eldiariodesanpedro.com.ar\/sitio\/wp-json\/wp\/v2\/posts\/37779\/revisions\/37807"}],"wp:featuredmedia":[{"embeddable":true,"href":"https:\/\/eldiariodesanpedro.com.ar\/sitio\/wp-json\/wp\/v2\/media\/37786"}],"wp:attachment":[{"href":"https:\/\/eldiariodesanpedro.com.ar\/sitio\/wp-json\/wp\/v2\/media?parent=37779"}],"wp:term":[{"taxonomy":"category","embeddable":true,"href":"https:\/\/eldiariodesanpedro.com.ar\/sitio\/wp-json\/wp\/v2\/categories?post=37779"},{"taxonomy":"post_tag","embeddable":true,"href":"https:\/\/eldiariodesanpedro.com.ar\/sitio\/wp-json\/wp\/v2\/tags?post=37779"}],"curies":[{"name":"wp","href":"https:\/\/api.w.org\/{rel}","templated":true}]}}