{"id":37767,"date":"2018-08-06T10:55:50","date_gmt":"2018-08-06T13:55:50","guid":{"rendered":"https:\/\/eldiariodesanpedro.com.ar\/sitio\/?p=37767"},"modified":"2018-08-06T10:55:50","modified_gmt":"2018-08-06T13:55:50","slug":"bomberos-rescato-un-caballo-que-habia-caido-a-una-zanja","status":"publish","type":"post","link":"https:\/\/eldiariodesanpedro.com.ar\/sitio\/bomberos-rescato-un-caballo-que-habia-caido-a-una-zanja\/","title":{"rendered":"Bomberos rescat\u00f3 un caballo que habia caido a una zanja"},"content":{"rendered":"<p><!-- VideographyWP Plugin Message: Automatic video embedding prevented by plugin options. --><br \/>\nEsta ma\u00f1ana, la unidad\u00a0 33 de bomberos se desplaz\u00f3\u00a0 hacia los zanjones de la cancha del Club Mitre en rescate de un caballo que hab\u00eda ca\u00eddo en ella.<\/p>\n<p>El animal estaba en un predio lindero y se habr\u00eda escapado por el cerco, por suerte  no sufri\u00f3 lesiones y el rescate fue todo un \u00e9xito.<\/p>\n","protected":false},"excerpt":{"rendered":"<p>Esta ma\u00f1ana, la unidad\u00a0 33 de bomberos se desplaz\u00f3\u00a0 hacia los zanjones de la cancha del Club Mitre en rescate de un caballo que hab\u00eda ca\u00eddo en ella. El animal estaba en un predio lindero y se habr\u00eda escapado por el cerco, por suerte no sufri\u00f3 lesiones y el rescate fue todo un \u00e9xito.<\/p>\n","protected":false},"author":4,"featured_media":37771,"comment_status":"open","ping_status":"closed","sticky":false,"template":"","format":"standard","meta":{"om_disable_all_campaigns":false,"_jetpack_memberships_contains_paid_content":false,"footnotes":""},"categories":[2,103],"tags":[],"class_list":["post-37767","post","type-post","status-publish","format-standard","has-post-thumbnail","hentry","category-locales","category-policiales-locales"],"aioseo_notices":[],"gutentor_comment":0,"jetpack_featured_media_url":"https:\/\/eldiariodesanpedro.com.ar\/sitio\/wp-content\/uploads\/2018\/08\/WhatsApp-Image-2018-08-06-at-09.28.22.jpeg","jetpack_shortlink":"https:\/\/wp.me\/p6RhLt-9P9","jetpack_sharing_enabled":true,"_links":{"self":[{"href":"https:\/\/eldiariodesanpedro.com.ar\/sitio\/wp-json\/wp\/v2\/posts\/37767","targetHints":{"allow":["GET"]}}],"collection":[{"href":"https:\/\/eldiariodesanpedro.com.ar\/sitio\/wp-json\/wp\/v2\/posts"}],"about":[{"href":"https:\/\/eldiariodesanpedro.com.ar\/sitio\/wp-json\/wp\/v2\/types\/post"}],"author":[{"embeddable":true,"href":"https:\/\/eldiariodesanpedro.com.ar\/sitio\/wp-json\/wp\/v2\/users\/4"}],"replies":[{"embeddable":true,"href":"https:\/\/eldiariodesanpedro.com.ar\/sitio\/wp-json\/wp\/v2\/comments?post=37767"}],"version-history":[{"count":1,"href":"https:\/\/eldiariodesanpedro.com.ar\/sitio\/wp-json\/wp\/v2\/posts\/37767\/revisions"}],"predecessor-version":[{"id":37772,"href":"https:\/\/eldiariodesanpedro.com.ar\/sitio\/wp-json\/wp\/v2\/posts\/37767\/revisions\/37772"}],"wp:featuredmedia":[{"embeddable":true,"href":"https:\/\/eldiariodesanpedro.com.ar\/sitio\/wp-json\/wp\/v2\/media\/37771"}],"wp:attachment":[{"href":"https:\/\/eldiariodesanpedro.com.ar\/sitio\/wp-json\/wp\/v2\/media?parent=37767"}],"wp:term":[{"taxonomy":"category","embeddable":true,"href":"https:\/\/eldiariodesanpedro.com.ar\/sitio\/wp-json\/wp\/v2\/categories?post=37767"},{"taxonomy":"post_tag","embeddable":true,"href":"https:\/\/eldiariodesanpedro.com.ar\/sitio\/wp-json\/wp\/v2\/tags?post=37767"}],"curies":[{"name":"wp","href":"https:\/\/api.w.org\/{rel}","templated":true}]}}