{"id":37766,"date":"2018-08-06T10:49:22","date_gmt":"2018-08-06T13:49:22","guid":{"rendered":"https:\/\/eldiariodesanpedro.com.ar\/sitio\/?p=37766"},"modified":"2018-08-06T10:49:22","modified_gmt":"2018-08-06T13:49:22","slug":"motociclista-herido-en-la-noche-del-domingo","status":"publish","type":"post","link":"https:\/\/eldiariodesanpedro.com.ar\/sitio\/motociclista-herido-en-la-noche-del-domingo\/","title":{"rendered":"Motociclista herido en la noche del domingo"},"content":{"rendered":"<p><!-- VideographyWP Plugin Message: Automatic video embedding prevented by plugin options. --><br \/>\nUn autom\u00f3vil y una moto colisionaron a la altura de Juan B. Justo y pellegrini, el joven que conduc\u00eda la moto debi\u00f3 ser hospitalizado.<\/p>\n<p>Un joven que conduc\u00eda una moto result\u00f3 herido al protagonizar un accidente de tr\u00e1nsito. El incidente se produjo sobre la calle Juan B. Justo, entre Salta y Pellegrini.<\/p>\n<p>En ese lugar y por circunstancias que se desconocen chocaron una moto Mondial Dax y un auto Peugeot. El motociclista sufri\u00f3 algunas contusiones y debi\u00f3 ser asistido por una ambulancia del servicio de emergencias SAME. <\/p>\n","protected":false},"excerpt":{"rendered":"<p>Un autom\u00f3vil y una moto colisionaron a la altura de Juan B. Justo y pellegrini, el joven que conduc\u00eda la moto debi\u00f3 ser hospitalizado. Un joven que conduc\u00eda una moto result\u00f3 herido al protagonizar un accidente de tr\u00e1nsito. El incidente se produjo sobre la calle Juan B. Justo, entre Salta y Pellegrini. En ese lugar [&hellip;]<\/p>\n","protected":false},"author":4,"featured_media":37768,"comment_status":"open","ping_status":"closed","sticky":false,"template":"","format":"standard","meta":{"om_disable_all_campaigns":false,"_jetpack_memberships_contains_paid_content":false,"footnotes":""},"categories":[2,103],"tags":[],"class_list":["post-37766","post","type-post","status-publish","format-standard","has-post-thumbnail","hentry","category-locales","category-policiales-locales"],"aioseo_notices":[],"gutentor_comment":0,"jetpack_featured_media_url":"https:\/\/eldiariodesanpedro.com.ar\/sitio\/wp-content\/uploads\/2018\/08\/000070631.jpg","jetpack_shortlink":"https:\/\/wp.me\/p6RhLt-9P8","jetpack_sharing_enabled":true,"_links":{"self":[{"href":"https:\/\/eldiariodesanpedro.com.ar\/sitio\/wp-json\/wp\/v2\/posts\/37766","targetHints":{"allow":["GET"]}}],"collection":[{"href":"https:\/\/eldiariodesanpedro.com.ar\/sitio\/wp-json\/wp\/v2\/posts"}],"about":[{"href":"https:\/\/eldiariodesanpedro.com.ar\/sitio\/wp-json\/wp\/v2\/types\/post"}],"author":[{"embeddable":true,"href":"https:\/\/eldiariodesanpedro.com.ar\/sitio\/wp-json\/wp\/v2\/users\/4"}],"replies":[{"embeddable":true,"href":"https:\/\/eldiariodesanpedro.com.ar\/sitio\/wp-json\/wp\/v2\/comments?post=37766"}],"version-history":[{"count":1,"href":"https:\/\/eldiariodesanpedro.com.ar\/sitio\/wp-json\/wp\/v2\/posts\/37766\/revisions"}],"predecessor-version":[{"id":37769,"href":"https:\/\/eldiariodesanpedro.com.ar\/sitio\/wp-json\/wp\/v2\/posts\/37766\/revisions\/37769"}],"wp:featuredmedia":[{"embeddable":true,"href":"https:\/\/eldiariodesanpedro.com.ar\/sitio\/wp-json\/wp\/v2\/media\/37768"}],"wp:attachment":[{"href":"https:\/\/eldiariodesanpedro.com.ar\/sitio\/wp-json\/wp\/v2\/media?parent=37766"}],"wp:term":[{"taxonomy":"category","embeddable":true,"href":"https:\/\/eldiariodesanpedro.com.ar\/sitio\/wp-json\/wp\/v2\/categories?post=37766"},{"taxonomy":"post_tag","embeddable":true,"href":"https:\/\/eldiariodesanpedro.com.ar\/sitio\/wp-json\/wp\/v2\/tags?post=37766"}],"curies":[{"name":"wp","href":"https:\/\/api.w.org\/{rel}","templated":true}]}}