{"id":37760,"date":"2018-08-06T10:41:55","date_gmt":"2018-08-06T13:41:55","guid":{"rendered":"https:\/\/eldiariodesanpedro.com.ar\/sitio\/?p=37760"},"modified":"2018-08-06T10:41:55","modified_gmt":"2018-08-06T13:41:55","slug":"se-inauguraran-obras-en-la-escuela-n41-del-paraje-tablas","status":"publish","type":"post","link":"https:\/\/eldiariodesanpedro.com.ar\/sitio\/se-inauguraran-obras-en-la-escuela-n41-del-paraje-tablas\/","title":{"rendered":"Se inauguraran obras en la Escuela N\u00b041 del Paraje Tablas"},"content":{"rendered":"<p><!-- VideographyWP Plugin Message: Automatic video embedding prevented by plugin options. --><br \/>\nEn la continuidad del plan de obras que incluye ampliaciones y refacciones en los establecimientos educativos de todo el Partido de San Pedro, el Intendente Municipal Cecilio Salazar encabezar\u00e1 este viernes 10 de agosto un acto en la Escuela N\u00b041 del Paraje Tablas para compartir la inauguraci\u00f3n de importantes mejoras. <\/p>\n<p>En este caso se inaugurar\u00e1n las nuevas instalaciones de gas, electricidad y agua corriente junto a las reparaciones en la zona de cocina, colocaci\u00f3n de rejas y pintura del edificio. El acto ser\u00e1 a las 15 y quedan todos invitados a compartir este importante momento con la comunidad educativa del Paraje<\/p>\n","protected":false},"excerpt":{"rendered":"<p>En la continuidad del plan de obras que incluye ampliaciones y refacciones en los establecimientos educativos de todo el Partido de San Pedro, el Intendente Municipal Cecilio Salazar encabezar\u00e1 este viernes 10 de agosto un acto en la Escuela N\u00b041 del Paraje Tablas para compartir la inauguraci\u00f3n de importantes mejoras. En este caso se inaugurar\u00e1n [&hellip;]<\/p>\n","protected":false},"author":4,"featured_media":37762,"comment_status":"open","ping_status":"closed","sticky":false,"template":"","format":"standard","meta":{"om_disable_all_campaigns":false,"_jetpack_memberships_contains_paid_content":false,"footnotes":""},"categories":[101,2],"tags":[],"class_list":["post-37760","post","type-post","status-publish","format-standard","has-post-thumbnail","hentry","category-interes-general-locales","category-locales"],"aioseo_notices":[],"gutentor_comment":0,"jetpack_featured_media_url":"https:\/\/eldiariodesanpedro.com.ar\/sitio\/wp-content\/uploads\/2018\/08\/escuela_41.jpg","jetpack_shortlink":"https:\/\/wp.me\/p6RhLt-9P2","jetpack_sharing_enabled":true,"_links":{"self":[{"href":"https:\/\/eldiariodesanpedro.com.ar\/sitio\/wp-json\/wp\/v2\/posts\/37760","targetHints":{"allow":["GET"]}}],"collection":[{"href":"https:\/\/eldiariodesanpedro.com.ar\/sitio\/wp-json\/wp\/v2\/posts"}],"about":[{"href":"https:\/\/eldiariodesanpedro.com.ar\/sitio\/wp-json\/wp\/v2\/types\/post"}],"author":[{"embeddable":true,"href":"https:\/\/eldiariodesanpedro.com.ar\/sitio\/wp-json\/wp\/v2\/users\/4"}],"replies":[{"embeddable":true,"href":"https:\/\/eldiariodesanpedro.com.ar\/sitio\/wp-json\/wp\/v2\/comments?post=37760"}],"version-history":[{"count":1,"href":"https:\/\/eldiariodesanpedro.com.ar\/sitio\/wp-json\/wp\/v2\/posts\/37760\/revisions"}],"predecessor-version":[{"id":37765,"href":"https:\/\/eldiariodesanpedro.com.ar\/sitio\/wp-json\/wp\/v2\/posts\/37760\/revisions\/37765"}],"wp:featuredmedia":[{"embeddable":true,"href":"https:\/\/eldiariodesanpedro.com.ar\/sitio\/wp-json\/wp\/v2\/media\/37762"}],"wp:attachment":[{"href":"https:\/\/eldiariodesanpedro.com.ar\/sitio\/wp-json\/wp\/v2\/media?parent=37760"}],"wp:term":[{"taxonomy":"category","embeddable":true,"href":"https:\/\/eldiariodesanpedro.com.ar\/sitio\/wp-json\/wp\/v2\/categories?post=37760"},{"taxonomy":"post_tag","embeddable":true,"href":"https:\/\/eldiariodesanpedro.com.ar\/sitio\/wp-json\/wp\/v2\/tags?post=37760"}],"curies":[{"name":"wp","href":"https:\/\/api.w.org\/{rel}","templated":true}]}}