{"id":37750,"date":"2018-08-06T10:22:38","date_gmt":"2018-08-06T13:22:38","guid":{"rendered":"https:\/\/eldiariodesanpedro.com.ar\/sitio\/?p=37750"},"modified":"2018-08-06T10:22:38","modified_gmt":"2018-08-06T13:22:38","slug":"cancelacion-agenda-de-teatro","status":"publish","type":"post","link":"https:\/\/eldiariodesanpedro.com.ar\/sitio\/cancelacion-agenda-de-teatro\/","title":{"rendered":"Cancelaci\u00f3n Agenda de Teatro"},"content":{"rendered":"<p><!-- VideographyWP Plugin Message: Automatic video embedding prevented by plugin options. --><br \/>\nLa Direcci\u00f3n de Cultura informa que queda cancelada la funci\u00f3n del d\u00eda viernes 10 de agosto donde estaba previsto en el Teatro Siripo la obra de  Alfredo Casero  \u00ab\u00bfDe qu\u00e9 no se puede hablar?\u00bb.<\/p>\n","protected":false},"excerpt":{"rendered":"<p>La Direcci\u00f3n de Cultura informa que queda cancelada la funci\u00f3n del d\u00eda viernes 10 de agosto donde estaba previsto en el Teatro Siripo la obra de Alfredo Casero \u00ab\u00bfDe qu\u00e9 no se puede hablar?\u00bb.<\/p>\n","protected":false},"author":4,"featured_media":37752,"comment_status":"open","ping_status":"closed","sticky":false,"template":"","format":"standard","meta":{"om_disable_all_campaigns":false,"_jetpack_memberships_contains_paid_content":false,"footnotes":""},"categories":[101,2],"tags":[],"class_list":["post-37750","post","type-post","status-publish","format-standard","has-post-thumbnail","hentry","category-interes-general-locales","category-locales"],"aioseo_notices":[],"gutentor_comment":0,"jetpack_featured_media_url":"https:\/\/eldiariodesanpedro.com.ar\/sitio\/wp-content\/uploads\/2018\/08\/pastedImage-1.png","jetpack_shortlink":"https:\/\/wp.me\/p6RhLt-9OS","jetpack_sharing_enabled":true,"_links":{"self":[{"href":"https:\/\/eldiariodesanpedro.com.ar\/sitio\/wp-json\/wp\/v2\/posts\/37750","targetHints":{"allow":["GET"]}}],"collection":[{"href":"https:\/\/eldiariodesanpedro.com.ar\/sitio\/wp-json\/wp\/v2\/posts"}],"about":[{"href":"https:\/\/eldiariodesanpedro.com.ar\/sitio\/wp-json\/wp\/v2\/types\/post"}],"author":[{"embeddable":true,"href":"https:\/\/eldiariodesanpedro.com.ar\/sitio\/wp-json\/wp\/v2\/users\/4"}],"replies":[{"embeddable":true,"href":"https:\/\/eldiariodesanpedro.com.ar\/sitio\/wp-json\/wp\/v2\/comments?post=37750"}],"version-history":[{"count":1,"href":"https:\/\/eldiariodesanpedro.com.ar\/sitio\/wp-json\/wp\/v2\/posts\/37750\/revisions"}],"predecessor-version":[{"id":37753,"href":"https:\/\/eldiariodesanpedro.com.ar\/sitio\/wp-json\/wp\/v2\/posts\/37750\/revisions\/37753"}],"wp:featuredmedia":[{"embeddable":true,"href":"https:\/\/eldiariodesanpedro.com.ar\/sitio\/wp-json\/wp\/v2\/media\/37752"}],"wp:attachment":[{"href":"https:\/\/eldiariodesanpedro.com.ar\/sitio\/wp-json\/wp\/v2\/media?parent=37750"}],"wp:term":[{"taxonomy":"category","embeddable":true,"href":"https:\/\/eldiariodesanpedro.com.ar\/sitio\/wp-json\/wp\/v2\/categories?post=37750"},{"taxonomy":"post_tag","embeddable":true,"href":"https:\/\/eldiariodesanpedro.com.ar\/sitio\/wp-json\/wp\/v2\/tags?post=37750"}],"curies":[{"name":"wp","href":"https:\/\/api.w.org\/{rel}","templated":true}]}}