{"id":37747,"date":"2018-08-06T10:00:38","date_gmt":"2018-08-06T13:00:38","guid":{"rendered":"https:\/\/eldiariodesanpedro.com.ar\/sitio\/?p=37747"},"modified":"2018-08-06T10:35:30","modified_gmt":"2018-08-06T13:35:30","slug":"recupero-su-libertad-y-a-los-minutos-volvio-a-robar","status":"publish","type":"post","link":"https:\/\/eldiariodesanpedro.com.ar\/sitio\/recupero-su-libertad-y-a-los-minutos-volvio-a-robar\/","title":{"rendered":"Recuper\u00f3 su libertad y a los minutos volvi\u00f3 a robar"},"content":{"rendered":"<p><!-- VideographyWP Plugin Message: Automatic video embedding prevented by plugin options. --><br \/>\nPersonal de Comisar\u00eda Local, en la tarde del domingo aprehendi\u00f3 en calles Ituzaing\u00f3 y G\u00fcemes a un joven de 18 a\u00f1os, quien minutos antes hab\u00eda  recuperado su libertad por hecho cometido en Gobernador Castro y volvi\u00f3 a cometer otro hecho delictivo en nuestra ciudad.<\/p>\n<p>El joven fue aprehendido secuestrando en su poder una billetera, un celular y lentes que hab\u00eda sustra\u00eddo sin violencia del interior de un autom\u00f3vil marca VW fox que estaba estacionado frente al domicilio de la damnificada ubicado en Mitre al 1700. <\/p>\n<p>El delincuente, oriundo de Gobernador Castro hab\u00eda sido aprehendido el s\u00e1bado por sustraer un televisor de 42 pulgadas y dos garrafas de 10 kg en una vivienda tras discutir con su amiga, la propietaria de la casa. El delincuente fue aprehendido r\u00e1pidamente al darse alerta a los oficiales del destacamento de esa vecina localidad siendo encontrado en cercan\u00edas con los elementos sustra\u00eddos, siendo reducido y trasladado a la Comisar\u00eda San Pedro donde qued\u00f3 alojado en un calabozo hasta ser citado por la Fiscal\u00eda de turno. <\/p>\n<p>El domingo al mediod\u00eda fue trasladado a la dependencia judicial para declarar ante un representante de esa dependencia, una vez entrevistado se lo notific\u00f3 de la causa y recuper\u00f3 la libertad. <\/p>\n<p>Horas mas tarde el mismo d\u00eda volvi\u00f3 a la comisaria permaneciendo alojado hasta su remisi\u00f3n a sede fiscal en las primeras horas del lunes.<\/p>\n","protected":false},"excerpt":{"rendered":"<p>Personal de Comisar\u00eda Local, en la tarde del domingo aprehendi\u00f3 en calles Ituzaing\u00f3 y G\u00fcemes a un joven de 18 a\u00f1os, quien minutos antes hab\u00eda recuperado su libertad por hecho cometido en Gobernador Castro y volvi\u00f3 a cometer otro hecho delictivo en nuestra ciudad. El joven fue aprehendido secuestrando en su poder una billetera, un [&hellip;]<\/p>\n","protected":false},"author":4,"featured_media":20446,"comment_status":"open","ping_status":"closed","sticky":false,"template":"","format":"standard","meta":{"om_disable_all_campaigns":false,"_jetpack_memberships_contains_paid_content":false,"footnotes":""},"categories":[50,2,103],"tags":[],"class_list":["post-37747","post","type-post","status-publish","format-standard","has-post-thumbnail","hentry","category-destacadas","category-locales","category-policiales-locales"],"aioseo_notices":[],"gutentor_comment":0,"jetpack_featured_media_url":"https:\/\/eldiariodesanpedro.com.ar\/sitio\/wp-content\/uploads\/2017\/07\/detenido-3-1.jpg","jetpack_shortlink":"https:\/\/wp.me\/p6RhLt-9OP","jetpack_sharing_enabled":true,"_links":{"self":[{"href":"https:\/\/eldiariodesanpedro.com.ar\/sitio\/wp-json\/wp\/v2\/posts\/37747","targetHints":{"allow":["GET"]}}],"collection":[{"href":"https:\/\/eldiariodesanpedro.com.ar\/sitio\/wp-json\/wp\/v2\/posts"}],"about":[{"href":"https:\/\/eldiariodesanpedro.com.ar\/sitio\/wp-json\/wp\/v2\/types\/post"}],"author":[{"embeddable":true,"href":"https:\/\/eldiariodesanpedro.com.ar\/sitio\/wp-json\/wp\/v2\/users\/4"}],"replies":[{"embeddable":true,"href":"https:\/\/eldiariodesanpedro.com.ar\/sitio\/wp-json\/wp\/v2\/comments?post=37747"}],"version-history":[{"count":4,"href":"https:\/\/eldiariodesanpedro.com.ar\/sitio\/wp-json\/wp\/v2\/posts\/37747\/revisions"}],"predecessor-version":[{"id":37759,"href":"https:\/\/eldiariodesanpedro.com.ar\/sitio\/wp-json\/wp\/v2\/posts\/37747\/revisions\/37759"}],"wp:featuredmedia":[{"embeddable":true,"href":"https:\/\/eldiariodesanpedro.com.ar\/sitio\/wp-json\/wp\/v2\/media\/20446"}],"wp:attachment":[{"href":"https:\/\/eldiariodesanpedro.com.ar\/sitio\/wp-json\/wp\/v2\/media?parent=37747"}],"wp:term":[{"taxonomy":"category","embeddable":true,"href":"https:\/\/eldiariodesanpedro.com.ar\/sitio\/wp-json\/wp\/v2\/categories?post=37747"},{"taxonomy":"post_tag","embeddable":true,"href":"https:\/\/eldiariodesanpedro.com.ar\/sitio\/wp-json\/wp\/v2\/tags?post=37747"}],"curies":[{"name":"wp","href":"https:\/\/api.w.org\/{rel}","templated":true}]}}