{"id":37743,"date":"2018-08-06T09:22:32","date_gmt":"2018-08-06T12:22:32","guid":{"rendered":"https:\/\/eldiariodesanpedro.com.ar\/sitio\/?p=37743"},"modified":"2018-08-06T09:22:32","modified_gmt":"2018-08-06T12:22:32","slug":"inspectores-policia-bomberos-y-un-auto-que-ardio-en-llamas","status":"publish","type":"post","link":"https:\/\/eldiariodesanpedro.com.ar\/sitio\/inspectores-policia-bomberos-y-un-auto-que-ardio-en-llamas\/","title":{"rendered":"Inspectores, polic\u00eda, bomberos y un auto que ardi\u00f3 en llamas"},"content":{"rendered":"<p><!-- VideographyWP Plugin Message: Automatic video embedding prevented by plugin options. --><br \/>\nEste domingo por la tarde, tras un confuso episodio, un auto ardi\u00f3 en llamas luego de una intervenci\u00f3n de tr\u00e1nsito. Seg\u00fan la versi\u00f3n oficial el due\u00f1o del Fiat Duna se enoj\u00f3 y provoc\u00f3 el incendio; bomberos al llegar al lugar fueron amenazados por vecinos para que no apaguen el fuego y se retiraron.<\/p>\n<p>En el marco de Operativo vehicular, personal del GAD que circulaba por calle Brenan al 1300 se detienen a identificar un autom\u00f3vil Fiat Duna a pedido de Inspecci\u00f3n de Tr\u00e1nsito, que se encontraba en lugar tambi\u00e9n; fue identificando al conductor, un joven de 18 a\u00f1os, y al consultar con el sistema operativo el auto ten\u00eda prohibici\u00f3n de circular, hab\u00eda sido denunciado por venta en la ciudad de Baradero.<\/p>\n<p>Es decir que su \u00faltimo titular vendi\u00f3 el veh\u00edculo, dej\u00f3 asentada la operaci\u00f3n y el nuevo propietario no cumpli\u00f3 con el proceso de transferencia a su nombre, por lo que no podr\u00eda circular hasta tanto cumpla con ese tr\u00e1mite en el Registro del Automotor.<\/p>\n<p>El propietario al no estar de acuerdo con la infracci\u00f3n todo se puso complicado y se torno violento junto con sus familiares, quienes sosten\u00edan que el auto hab\u00eda sido comprado hace dos semanas, que ten\u00edan todos los papeles en regla y que solo estaban esperando la transferencia; inspecci\u00f3n al querer llamar a la Gr\u00faa para que lo venga a buscar y proceder con la intervenci\u00f3n, provocaron el enojo del due\u00f1o, hasta llegar al punto de, seg\u00fan la versi\u00f3n oficial que obra en el expediente judicial en tr\u00e1mite, el joven, nuevo due\u00f1o del auto, le provoca el incendio al mismo.<\/p>\n<p>En ese momento aparecieron personas que intentaron agredir al personal policial y de inspecci\u00f3n, que llamaron a los Bomberos, pero el autobomba de los voluntarios fue interceptado por un grupo de j\u00f3venes que amenaz\u00f3 a sus ocupantes y arrojaron piedras para que se vallan, segun la version oficial, mientras que familiares cuentan que no es as\u00ed, que solo les pidieron que se vayan.<\/p>\n<p>Finalmente el auto ardi\u00f3 en llamas, sin que haya que lamentar heridos y efectivos policiales e inspectores se retiraron.<\/p>\n<p>Interviene la Fiscal\u00eda N\u00ba11<\/p>\n<p><img decoding=\"async\" data-attachment-id=\"37745\" data-permalink=\"https:\/\/eldiariodesanpedro.com.ar\/sitio\/inspectores-policia-bomberos-y-un-auto-que-ardio-en-llamas\/whatsapp-image-2018-08-06-at-08-41-52\/\" data-orig-file=\"https:\/\/eldiariodesanpedro.com.ar\/sitio\/wp-content\/uploads\/2018\/08\/WhatsApp-Image-2018-08-06-at-08.41.52.jpeg\" data-orig-size=\"1280,768\" data-comments-opened=\"1\" data-image-meta=\"{&quot;aperture&quot;:&quot;0&quot;,&quot;credit&quot;:&quot;&quot;,&quot;camera&quot;:&quot;&quot;,&quot;caption&quot;:&quot;&quot;,&quot;created_timestamp&quot;:&quot;0&quot;,&quot;copyright&quot;:&quot;&quot;,&quot;focal_length&quot;:&quot;0&quot;,&quot;iso&quot;:&quot;0&quot;,&quot;shutter_speed&quot;:&quot;0&quot;,&quot;title&quot;:&quot;&quot;,&quot;orientation&quot;:&quot;0&quot;}\" data-image-title=\"WhatsApp Image 2018-08-06 at 08.41.52\" data-image-description=\"\" data-image-caption=\"\" data-large-file=\"https:\/\/eldiariodesanpedro.com.ar\/sitio\/wp-content\/uploads\/2018\/08\/WhatsApp-Image-2018-08-06-at-08.41.52-1024x614.jpeg\" class=\"alignnone size-large wp-image-37745 lazyload\" data-src=\"https:\/\/eldiariodesanpedro.com.ar\/sitio\/wp-content\/uploads\/2018\/08\/WhatsApp-Image-2018-08-06-at-08.41.52-1024x614.jpeg\" alt=\"\" width=\"660\" height=\"396\" data-srcset=\"https:\/\/eldiariodesanpedro.com.ar\/sitio\/wp-content\/uploads\/2018\/08\/WhatsApp-Image-2018-08-06-at-08.41.52-1024x614.jpeg 1024w, https:\/\/eldiariodesanpedro.com.ar\/sitio\/wp-content\/uploads\/2018\/08\/WhatsApp-Image-2018-08-06-at-08.41.52-300x180.jpeg 300w, https:\/\/eldiariodesanpedro.com.ar\/sitio\/wp-content\/uploads\/2018\/08\/WhatsApp-Image-2018-08-06-at-08.41.52-768x461.jpeg 768w, https:\/\/eldiariodesanpedro.com.ar\/sitio\/wp-content\/uploads\/2018\/08\/WhatsApp-Image-2018-08-06-at-08.41.52.jpeg 1280w\" data-sizes=\"(max-width: 660px) 100vw, 660px\" src=\"data:image\/svg+xml;base64,PHN2ZyB3aWR0aD0iMSIgaGVpZ2h0PSIxIiB4bWxucz0iaHR0cDovL3d3dy53My5vcmcvMjAwMC9zdmciPjwvc3ZnPg==\" style=\"--smush-placeholder-width: 660px; --smush-placeholder-aspect-ratio: 660\/396;\" \/><\/p>\n","protected":false},"excerpt":{"rendered":"<p>Este domingo por la tarde, tras un confuso episodio, un auto ardi\u00f3 en llamas luego de una intervenci\u00f3n de tr\u00e1nsito. Seg\u00fan la versi\u00f3n oficial el due\u00f1o del Fiat Duna se enoj\u00f3 y provoc\u00f3 el incendio; bomberos al llegar al lugar fueron amenazados por vecinos para que no apaguen el fuego y se retiraron. En el [&hellip;]<\/p>\n","protected":false},"author":4,"featured_media":37744,"comment_status":"open","ping_status":"closed","sticky":false,"template":"","format":"standard","meta":{"om_disable_all_campaigns":false,"_jetpack_memberships_contains_paid_content":false,"footnotes":""},"categories":[50,2,103],"tags":[],"class_list":["post-37743","post","type-post","status-publish","format-standard","has-post-thumbnail","hentry","category-destacadas","category-locales","category-policiales-locales"],"aioseo_notices":[],"gutentor_comment":0,"jetpack_featured_media_url":"https:\/\/eldiariodesanpedro.com.ar\/sitio\/wp-content\/uploads\/2018\/08\/WhatsApp-Image-2018-08-06-at-08.42.23.jpeg","jetpack_shortlink":"https:\/\/wp.me\/p6RhLt-9OL","jetpack_sharing_enabled":true,"_links":{"self":[{"href":"https:\/\/eldiariodesanpedro.com.ar\/sitio\/wp-json\/wp\/v2\/posts\/37743","targetHints":{"allow":["GET"]}}],"collection":[{"href":"https:\/\/eldiariodesanpedro.com.ar\/sitio\/wp-json\/wp\/v2\/posts"}],"about":[{"href":"https:\/\/eldiariodesanpedro.com.ar\/sitio\/wp-json\/wp\/v2\/types\/post"}],"author":[{"embeddable":true,"href":"https:\/\/eldiariodesanpedro.com.ar\/sitio\/wp-json\/wp\/v2\/users\/4"}],"replies":[{"embeddable":true,"href":"https:\/\/eldiariodesanpedro.com.ar\/sitio\/wp-json\/wp\/v2\/comments?post=37743"}],"version-history":[{"count":1,"href":"https:\/\/eldiariodesanpedro.com.ar\/sitio\/wp-json\/wp\/v2\/posts\/37743\/revisions"}],"predecessor-version":[{"id":37746,"href":"https:\/\/eldiariodesanpedro.com.ar\/sitio\/wp-json\/wp\/v2\/posts\/37743\/revisions\/37746"}],"wp:featuredmedia":[{"embeddable":true,"href":"https:\/\/eldiariodesanpedro.com.ar\/sitio\/wp-json\/wp\/v2\/media\/37744"}],"wp:attachment":[{"href":"https:\/\/eldiariodesanpedro.com.ar\/sitio\/wp-json\/wp\/v2\/media?parent=37743"}],"wp:term":[{"taxonomy":"category","embeddable":true,"href":"https:\/\/eldiariodesanpedro.com.ar\/sitio\/wp-json\/wp\/v2\/categories?post=37743"},{"taxonomy":"post_tag","embeddable":true,"href":"https:\/\/eldiariodesanpedro.com.ar\/sitio\/wp-json\/wp\/v2\/tags?post=37743"}],"curies":[{"name":"wp","href":"https:\/\/api.w.org\/{rel}","templated":true}]}}