{"id":37738,"date":"2018-08-05T17:38:43","date_gmt":"2018-08-05T20:38:43","guid":{"rendered":"https:\/\/eldiariodesanpedro.com.ar\/sitio\/?p=37738"},"modified":"2018-08-05T17:38:43","modified_gmt":"2018-08-05T20:38:43","slug":"un-amigo-le-provoco-danos-en-la-vivienda-y-robo-varios-elementos","status":"publish","type":"post","link":"https:\/\/eldiariodesanpedro.com.ar\/sitio\/un-amigo-le-provoco-danos-en-la-vivienda-y-robo-varios-elementos\/","title":{"rendered":"Un amigo le provoc\u00f3 da\u00f1os en la vivienda y rob\u00f3 varios elementos"},"content":{"rendered":"<p><!-- VideographyWP Plugin Message: Automatic video embedding prevented by plugin options. --><br \/>\nEste s\u00e1bado ocurri\u00f3 un confuso episodio en la localidad de Gobernador Castro donde una joven fue robado por su propio amigo.<\/p>\n<p>En vecina localidad de Gobernador Castro se encontraban dos j\u00f3venes en un domicilio de la planta urbana, donde femenina refiere que al momento que se encontraba en su domicilio junto a un amigo este la amenaza verbalmente, causa da\u00f1os en la vivienda, adem\u00e1s le sustrae dos garrafas de 15 Kg y un TV LCD Samsung de 42, al arribar r\u00e1pidamente al lugar personal policial logra aprehender en la v\u00eda p\u00fablica en cercan\u00eda de la vivienda al masculino de 18 a\u00f1os, quien se daba a la fuga con los efectos sustra\u00eddos. <\/p>\n<p>Posterior traslado de sujeto al Asiento Policial juntamente con elementos secuestrados, tomo intervenci\u00f3n a la U.F.I N\u00ba 11, aprehendido alojado en Comisar\u00eda San Pedro hasta ser remitido a fiscal\u00eda .<\/p>\n","protected":false},"excerpt":{"rendered":"<p>Este s\u00e1bado ocurri\u00f3 un confuso episodio en la localidad de Gobernador Castro donde una joven fue robado por su propio amigo. En vecina localidad de Gobernador Castro se encontraban dos j\u00f3venes en un domicilio de la planta urbana, donde femenina refiere que al momento que se encontraba en su domicilio junto a un amigo este [&hellip;]<\/p>\n","protected":false},"author":4,"featured_media":13372,"comment_status":"open","ping_status":"closed","sticky":false,"template":"","format":"standard","meta":{"om_disable_all_campaigns":false,"_jetpack_memberships_contains_paid_content":false,"footnotes":""},"categories":[2,103],"tags":[],"class_list":["post-37738","post","type-post","status-publish","format-standard","has-post-thumbnail","hentry","category-locales","category-policiales-locales"],"aioseo_notices":[],"gutentor_comment":0,"jetpack_featured_media_url":"https:\/\/eldiariodesanpedro.com.ar\/sitio\/wp-content\/uploads\/2017\/01\/Patrulla-4-e1485286120389.jpg","jetpack_shortlink":"https:\/\/wp.me\/p6RhLt-9OG","jetpack_sharing_enabled":true,"_links":{"self":[{"href":"https:\/\/eldiariodesanpedro.com.ar\/sitio\/wp-json\/wp\/v2\/posts\/37738","targetHints":{"allow":["GET"]}}],"collection":[{"href":"https:\/\/eldiariodesanpedro.com.ar\/sitio\/wp-json\/wp\/v2\/posts"}],"about":[{"href":"https:\/\/eldiariodesanpedro.com.ar\/sitio\/wp-json\/wp\/v2\/types\/post"}],"author":[{"embeddable":true,"href":"https:\/\/eldiariodesanpedro.com.ar\/sitio\/wp-json\/wp\/v2\/users\/4"}],"replies":[{"embeddable":true,"href":"https:\/\/eldiariodesanpedro.com.ar\/sitio\/wp-json\/wp\/v2\/comments?post=37738"}],"version-history":[{"count":1,"href":"https:\/\/eldiariodesanpedro.com.ar\/sitio\/wp-json\/wp\/v2\/posts\/37738\/revisions"}],"predecessor-version":[{"id":37739,"href":"https:\/\/eldiariodesanpedro.com.ar\/sitio\/wp-json\/wp\/v2\/posts\/37738\/revisions\/37739"}],"wp:featuredmedia":[{"embeddable":true,"href":"https:\/\/eldiariodesanpedro.com.ar\/sitio\/wp-json\/wp\/v2\/media\/13372"}],"wp:attachment":[{"href":"https:\/\/eldiariodesanpedro.com.ar\/sitio\/wp-json\/wp\/v2\/media?parent=37738"}],"wp:term":[{"taxonomy":"category","embeddable":true,"href":"https:\/\/eldiariodesanpedro.com.ar\/sitio\/wp-json\/wp\/v2\/categories?post=37738"},{"taxonomy":"post_tag","embeddable":true,"href":"https:\/\/eldiariodesanpedro.com.ar\/sitio\/wp-json\/wp\/v2\/tags?post=37738"}],"curies":[{"name":"wp","href":"https:\/\/api.w.org\/{rel}","templated":true}]}}