{"id":37736,"date":"2018-08-05T17:22:43","date_gmt":"2018-08-05T20:22:43","guid":{"rendered":"https:\/\/eldiariodesanpedro.com.ar\/sitio\/?p=37736"},"modified":"2018-08-05T17:22:43","modified_gmt":"2018-08-05T20:22:43","slug":"un-delincuente-disparo-contra-una-propiedad","status":"publish","type":"post","link":"https:\/\/eldiariodesanpedro.com.ar\/sitio\/un-delincuente-disparo-contra-una-propiedad\/","title":{"rendered":"Un delincuente dispar\u00f3 contra una propiedad"},"content":{"rendered":"<p><!-- VideographyWP Plugin Message: Automatic video embedding prevented by plugin options. --><br \/>\nEste s\u00e1bado tras un llamado al 911 el personal de la polic\u00eda de nuestra ciudad se hizo presente en un domicilio ubicado en calle Javier Rivero al 700 donde una mujer de 32 a\u00f1os de edad quien ser\u00eda la propietaria denuncia que un individuo le dispar\u00f3 hacia su propiedad.<\/p>\n<p>En amplia recorrida de m\u00f3viles policiales, al acercarse al los pasillos del Barrio Hermano Indio detectan a un joven quien portaba en su mano un arma de fuego, al percatar la presencia de los uniformados el mismo se da a la fuga previo apuntarles con el arma a los polic\u00edas.<\/p>\n","protected":false},"excerpt":{"rendered":"<p>Este s\u00e1bado tras un llamado al 911 el personal de la polic\u00eda de nuestra ciudad se hizo presente en un domicilio ubicado en calle Javier Rivero al 700 donde una mujer de 32 a\u00f1os de edad quien ser\u00eda la propietaria denuncia que un individuo le dispar\u00f3 hacia su propiedad. En amplia recorrida de m\u00f3viles policiales, [&hellip;]<\/p>\n","protected":false},"author":4,"featured_media":8212,"comment_status":"open","ping_status":"closed","sticky":false,"template":"","format":"standard","meta":{"om_disable_all_campaigns":false,"_jetpack_memberships_contains_paid_content":false,"footnotes":""},"categories":[2,103],"tags":[],"class_list":["post-37736","post","type-post","status-publish","format-standard","has-post-thumbnail","hentry","category-locales","category-policiales-locales"],"aioseo_notices":[],"gutentor_comment":0,"jetpack_featured_media_url":"https:\/\/eldiariodesanpedro.com.ar\/sitio\/wp-content\/uploads\/2016\/09\/arma-de-fuego.jpg","jetpack_shortlink":"https:\/\/wp.me\/p6RhLt-9OE","jetpack_sharing_enabled":true,"_links":{"self":[{"href":"https:\/\/eldiariodesanpedro.com.ar\/sitio\/wp-json\/wp\/v2\/posts\/37736","targetHints":{"allow":["GET"]}}],"collection":[{"href":"https:\/\/eldiariodesanpedro.com.ar\/sitio\/wp-json\/wp\/v2\/posts"}],"about":[{"href":"https:\/\/eldiariodesanpedro.com.ar\/sitio\/wp-json\/wp\/v2\/types\/post"}],"author":[{"embeddable":true,"href":"https:\/\/eldiariodesanpedro.com.ar\/sitio\/wp-json\/wp\/v2\/users\/4"}],"replies":[{"embeddable":true,"href":"https:\/\/eldiariodesanpedro.com.ar\/sitio\/wp-json\/wp\/v2\/comments?post=37736"}],"version-history":[{"count":1,"href":"https:\/\/eldiariodesanpedro.com.ar\/sitio\/wp-json\/wp\/v2\/posts\/37736\/revisions"}],"predecessor-version":[{"id":37737,"href":"https:\/\/eldiariodesanpedro.com.ar\/sitio\/wp-json\/wp\/v2\/posts\/37736\/revisions\/37737"}],"wp:featuredmedia":[{"embeddable":true,"href":"https:\/\/eldiariodesanpedro.com.ar\/sitio\/wp-json\/wp\/v2\/media\/8212"}],"wp:attachment":[{"href":"https:\/\/eldiariodesanpedro.com.ar\/sitio\/wp-json\/wp\/v2\/media?parent=37736"}],"wp:term":[{"taxonomy":"category","embeddable":true,"href":"https:\/\/eldiariodesanpedro.com.ar\/sitio\/wp-json\/wp\/v2\/categories?post=37736"},{"taxonomy":"post_tag","embeddable":true,"href":"https:\/\/eldiariodesanpedro.com.ar\/sitio\/wp-json\/wp\/v2\/tags?post=37736"}],"curies":[{"name":"wp","href":"https:\/\/api.w.org\/{rel}","templated":true}]}}