{"id":37734,"date":"2018-08-05T17:13:16","date_gmt":"2018-08-05T20:13:16","guid":{"rendered":"https:\/\/eldiariodesanpedro.com.ar\/sitio\/?p=37734"},"modified":"2018-08-05T17:13:16","modified_gmt":"2018-08-05T20:13:16","slug":"allanamiento-en-la-tosquera-donde-se-secuestraron-varias-armas-de-fuego","status":"publish","type":"post","link":"https:\/\/eldiariodesanpedro.com.ar\/sitio\/allanamiento-en-la-tosquera-donde-se-secuestraron-varias-armas-de-fuego\/","title":{"rendered":"Allanamiento en La Tosquera donde se secuestraron varias armas de fuego"},"content":{"rendered":"<p><!-- VideographyWP Plugin Message: Automatic video embedding prevented by plugin options. --><br \/>\nEste s\u00e1bado se realizaron allanamientos llevado a cabo por el personal del Destacamento La Tosquera en conjunto personal Destacamento R\u00edo Tala proceden en la zona tosquera al hallazgo de escopeta calibre 12\/70; tres cargadores de 9 mm; Plater\u00edas varias; bijouterie varias; cartucher\u00eda de escopetas varios calibres y de 9mm; elementos de montas varias; cuadro de bicicleta marca Olmo sin ruedas con numeraci\u00f3n suprimida; botas de montas y siendo reconocida escopeta por propietario, a quien le fuere sustra\u00edda en el mes de mayo en un hecho de robo en zona rural. Se encarga de la investigaci\u00f3n de la causa la U.F.I. N\u00b0 11.<\/p>\n","protected":false},"excerpt":{"rendered":"<p>Este s\u00e1bado se realizaron allanamientos llevado a cabo por el personal del Destacamento La Tosquera en conjunto personal Destacamento R\u00edo Tala proceden en la zona tosquera al hallazgo de escopeta calibre 12\/70; tres cargadores de 9 mm; Plater\u00edas varias; bijouterie varias; cartucher\u00eda de escopetas varios calibres y de 9mm; elementos de montas varias; cuadro de [&hellip;]<\/p>\n","protected":false},"author":4,"featured_media":25826,"comment_status":"open","ping_status":"closed","sticky":false,"template":"","format":"standard","meta":{"om_disable_all_campaigns":false,"_jetpack_memberships_contains_paid_content":false,"footnotes":""},"categories":[2,103],"tags":[],"class_list":["post-37734","post","type-post","status-publish","format-standard","has-post-thumbnail","hentry","category-locales","category-policiales-locales"],"aioseo_notices":[],"gutentor_comment":0,"jetpack_featured_media_url":"https:\/\/eldiariodesanpedro.com.ar\/sitio\/wp-content\/uploads\/2017\/11\/Se-realiz\u00f3-un-allanamiento-donde-se-encontraron-armas-utilizadas-para-il\u00edcitos.jpg","jetpack_shortlink":"https:\/\/wp.me\/p6RhLt-9OC","jetpack_sharing_enabled":true,"_links":{"self":[{"href":"https:\/\/eldiariodesanpedro.com.ar\/sitio\/wp-json\/wp\/v2\/posts\/37734","targetHints":{"allow":["GET"]}}],"collection":[{"href":"https:\/\/eldiariodesanpedro.com.ar\/sitio\/wp-json\/wp\/v2\/posts"}],"about":[{"href":"https:\/\/eldiariodesanpedro.com.ar\/sitio\/wp-json\/wp\/v2\/types\/post"}],"author":[{"embeddable":true,"href":"https:\/\/eldiariodesanpedro.com.ar\/sitio\/wp-json\/wp\/v2\/users\/4"}],"replies":[{"embeddable":true,"href":"https:\/\/eldiariodesanpedro.com.ar\/sitio\/wp-json\/wp\/v2\/comments?post=37734"}],"version-history":[{"count":1,"href":"https:\/\/eldiariodesanpedro.com.ar\/sitio\/wp-json\/wp\/v2\/posts\/37734\/revisions"}],"predecessor-version":[{"id":37735,"href":"https:\/\/eldiariodesanpedro.com.ar\/sitio\/wp-json\/wp\/v2\/posts\/37734\/revisions\/37735"}],"wp:featuredmedia":[{"embeddable":true,"href":"https:\/\/eldiariodesanpedro.com.ar\/sitio\/wp-json\/wp\/v2\/media\/25826"}],"wp:attachment":[{"href":"https:\/\/eldiariodesanpedro.com.ar\/sitio\/wp-json\/wp\/v2\/media?parent=37734"}],"wp:term":[{"taxonomy":"category","embeddable":true,"href":"https:\/\/eldiariodesanpedro.com.ar\/sitio\/wp-json\/wp\/v2\/categories?post=37734"},{"taxonomy":"post_tag","embeddable":true,"href":"https:\/\/eldiariodesanpedro.com.ar\/sitio\/wp-json\/wp\/v2\/tags?post=37734"}],"curies":[{"name":"wp","href":"https:\/\/api.w.org\/{rel}","templated":true}]}}