{"id":37731,"date":"2018-08-05T16:59:12","date_gmt":"2018-08-05T19:59:12","guid":{"rendered":"https:\/\/eldiariodesanpedro.com.ar\/sitio\/?p=37731"},"modified":"2018-08-05T16:59:12","modified_gmt":"2018-08-05T19:59:12","slug":"clasificados-para-la-final-de-mar-del-plata","status":"publish","type":"post","link":"https:\/\/eldiariodesanpedro.com.ar\/sitio\/clasificados-para-la-final-de-mar-del-plata\/","title":{"rendered":"Clasificados para la final de Mar del Plata"},"content":{"rendered":"<p><!-- VideographyWP Plugin Message: Automatic video embedding prevented by plugin options. --><br \/>\nRumbo a la definici\u00f3n de la representaci\u00f3n de cada ciudad en los Juegos Bonaerenses, se disputaron los regionales en varias disciplinas culturales y deportivas y San Pedro confirm\u00f3 nuevos representantes en la final provincial. Ellos son, Lihuel Gatica de la Escuela 501 obtuvo el primer lugar en pintura, Dagoberto Ortiz en fue primero en objeto tridimensional adultos mayores y Martina De Paolo gan\u00f3 en literatura narrativa sub 15. <\/p>\n<p>Adem\u00e1s se destacaron, Consuelo S\u00e1nchez que fue segunda en Plato Principal en adultos mayores, Nilda Letichia que fue tercera en Poes\u00eda en adultos mayores, la Escuela Secundaria 8 Mariano Moreno con  Milagros Garc\u00eda y Tomas Aguirre junto a la profesora  Susana Balderrama obtuvieron el tercer lugar en teatro y el cuarto lugar para la representaci\u00f3n en Danzas Folkl\u00f3ricas.<\/p>\n<p>En deportes PCD (personas con discapacidad) tambi\u00e9n clasificaron para la final provincial, Brisa Cocozzo en Lanzamiento de Bala Sub 20, Facundo Bustos en Sub 15 velocidad, Kevin G\u00f3mez en Lanzamiento de Bala Sub 25, Santiago G\u00f3mez en Sub 25 Lanzamiento de Bala, Camila Manchone en Lanzamiento de Bala Sub 20, Marina Maro\u00f1o en Velocidad y Cecilia Noriega en Salto en Largo Sub 20.<\/p>\n","protected":false},"excerpt":{"rendered":"<p>Rumbo a la definici\u00f3n de la representaci\u00f3n de cada ciudad en los Juegos Bonaerenses, se disputaron los regionales en varias disciplinas culturales y deportivas y San Pedro confirm\u00f3 nuevos representantes en la final provincial. Ellos son, Lihuel Gatica de la Escuela 501 obtuvo el primer lugar en pintura, Dagoberto Ortiz en fue primero en objeto [&hellip;]<\/p>\n","protected":false},"author":4,"featured_media":37732,"comment_status":"open","ping_status":"closed","sticky":false,"template":"","format":"standard","meta":{"om_disable_all_campaigns":false,"_jetpack_memberships_contains_paid_content":false,"footnotes":""},"categories":[101,2],"tags":[],"class_list":["post-37731","post","type-post","status-publish","format-standard","has-post-thumbnail","hentry","category-interes-general-locales","category-locales"],"aioseo_notices":[],"gutentor_comment":0,"jetpack_featured_media_url":"https:\/\/eldiariodesanpedro.com.ar\/sitio\/wp-content\/uploads\/2018\/08\/juegos-bonaerenses.jpg","jetpack_shortlink":"https:\/\/wp.me\/p6RhLt-9Oz","jetpack_sharing_enabled":true,"_links":{"self":[{"href":"https:\/\/eldiariodesanpedro.com.ar\/sitio\/wp-json\/wp\/v2\/posts\/37731","targetHints":{"allow":["GET"]}}],"collection":[{"href":"https:\/\/eldiariodesanpedro.com.ar\/sitio\/wp-json\/wp\/v2\/posts"}],"about":[{"href":"https:\/\/eldiariodesanpedro.com.ar\/sitio\/wp-json\/wp\/v2\/types\/post"}],"author":[{"embeddable":true,"href":"https:\/\/eldiariodesanpedro.com.ar\/sitio\/wp-json\/wp\/v2\/users\/4"}],"replies":[{"embeddable":true,"href":"https:\/\/eldiariodesanpedro.com.ar\/sitio\/wp-json\/wp\/v2\/comments?post=37731"}],"version-history":[{"count":1,"href":"https:\/\/eldiariodesanpedro.com.ar\/sitio\/wp-json\/wp\/v2\/posts\/37731\/revisions"}],"predecessor-version":[{"id":37733,"href":"https:\/\/eldiariodesanpedro.com.ar\/sitio\/wp-json\/wp\/v2\/posts\/37731\/revisions\/37733"}],"wp:featuredmedia":[{"embeddable":true,"href":"https:\/\/eldiariodesanpedro.com.ar\/sitio\/wp-json\/wp\/v2\/media\/37732"}],"wp:attachment":[{"href":"https:\/\/eldiariodesanpedro.com.ar\/sitio\/wp-json\/wp\/v2\/media?parent=37731"}],"wp:term":[{"taxonomy":"category","embeddable":true,"href":"https:\/\/eldiariodesanpedro.com.ar\/sitio\/wp-json\/wp\/v2\/categories?post=37731"},{"taxonomy":"post_tag","embeddable":true,"href":"https:\/\/eldiariodesanpedro.com.ar\/sitio\/wp-json\/wp\/v2\/tags?post=37731"}],"curies":[{"name":"wp","href":"https:\/\/api.w.org\/{rel}","templated":true}]}}