{"id":37728,"date":"2018-08-05T16:54:57","date_gmt":"2018-08-05T19:54:57","guid":{"rendered":"https:\/\/eldiariodesanpedro.com.ar\/sitio\/?p=37728"},"modified":"2018-08-05T16:54:57","modified_gmt":"2018-08-05T19:54:57","slug":"visita-del-titular-de-la-policia-federal-san-nicolas","status":"publish","type":"post","link":"https:\/\/eldiariodesanpedro.com.ar\/sitio\/visita-del-titular-de-la-policia-federal-san-nicolas\/","title":{"rendered":"Visita del titular de la Polic\u00eda Federal San Nicol\u00e1s"},"content":{"rendered":"<p><!-- VideographyWP Plugin Message: Automatic video embedding prevented by plugin options. --><br \/>\nEl viernes por la ma\u00f1ana visit\u00f3 al Intendente Municipal, el Jefe de la Delegaci\u00f3n de la Polic\u00eda Federal, Delegaci\u00f3n San Nicol\u00e1s, Comisario Marcelo Morales junto a un grupo de colaboradores. <\/p>\n<p>El encuentro sirvi\u00f3 de presentaci\u00f3n formal del funcionario que tiene a su cargo la cabecera regional de la fuerza y para analizar los diferentes temas en los que intervienen participaron del encuentro el Secretario de Gobierno Silvio Corti, el Secretario de Seguridad Eduardo Rolleri y el Coordinador Policial Juan Carlos Ag\u00fcero. <\/p>\n<p>Desde hace tiempo, la Polic\u00eda Federal mantiene un v\u00ednculo estrecho con las restantes fuerzas de seguridad y toma intervenci\u00f3n en una variedad de casos que requieren procedimientos especiales y un tratamiento judicial particular. <\/p>\n<p>En este sentido, el Comisario Morales se puso a disposici\u00f3n de las autoridades locales para mantener un contacto fluido y optimizar el trabajo conjunto en la lucha contra el delito en la regi\u00f3n.<\/p>\n","protected":false},"excerpt":{"rendered":"<p>El viernes por la ma\u00f1ana visit\u00f3 al Intendente Municipal, el Jefe de la Delegaci\u00f3n de la Polic\u00eda Federal, Delegaci\u00f3n San Nicol\u00e1s, Comisario Marcelo Morales junto a un grupo de colaboradores. El encuentro sirvi\u00f3 de presentaci\u00f3n formal del funcionario que tiene a su cargo la cabecera regional de la fuerza y para analizar los diferentes temas [&hellip;]<\/p>\n","protected":false},"author":4,"featured_media":37729,"comment_status":"open","ping_status":"closed","sticky":false,"template":"","format":"standard","meta":{"om_disable_all_campaigns":false,"_jetpack_memberships_contains_paid_content":false,"footnotes":""},"categories":[101,2],"tags":[],"class_list":["post-37728","post","type-post","status-publish","format-standard","has-post-thumbnail","hentry","category-interes-general-locales","category-locales"],"aioseo_notices":[],"gutentor_comment":0,"jetpack_featured_media_url":"https:\/\/eldiariodesanpedro.com.ar\/sitio\/wp-content\/uploads\/2018\/08\/pastedImage.png","jetpack_shortlink":"https:\/\/wp.me\/p6RhLt-9Ow","jetpack_sharing_enabled":true,"_links":{"self":[{"href":"https:\/\/eldiariodesanpedro.com.ar\/sitio\/wp-json\/wp\/v2\/posts\/37728","targetHints":{"allow":["GET"]}}],"collection":[{"href":"https:\/\/eldiariodesanpedro.com.ar\/sitio\/wp-json\/wp\/v2\/posts"}],"about":[{"href":"https:\/\/eldiariodesanpedro.com.ar\/sitio\/wp-json\/wp\/v2\/types\/post"}],"author":[{"embeddable":true,"href":"https:\/\/eldiariodesanpedro.com.ar\/sitio\/wp-json\/wp\/v2\/users\/4"}],"replies":[{"embeddable":true,"href":"https:\/\/eldiariodesanpedro.com.ar\/sitio\/wp-json\/wp\/v2\/comments?post=37728"}],"version-history":[{"count":1,"href":"https:\/\/eldiariodesanpedro.com.ar\/sitio\/wp-json\/wp\/v2\/posts\/37728\/revisions"}],"predecessor-version":[{"id":37730,"href":"https:\/\/eldiariodesanpedro.com.ar\/sitio\/wp-json\/wp\/v2\/posts\/37728\/revisions\/37730"}],"wp:featuredmedia":[{"embeddable":true,"href":"https:\/\/eldiariodesanpedro.com.ar\/sitio\/wp-json\/wp\/v2\/media\/37729"}],"wp:attachment":[{"href":"https:\/\/eldiariodesanpedro.com.ar\/sitio\/wp-json\/wp\/v2\/media?parent=37728"}],"wp:term":[{"taxonomy":"category","embeddable":true,"href":"https:\/\/eldiariodesanpedro.com.ar\/sitio\/wp-json\/wp\/v2\/categories?post=37728"},{"taxonomy":"post_tag","embeddable":true,"href":"https:\/\/eldiariodesanpedro.com.ar\/sitio\/wp-json\/wp\/v2\/tags?post=37728"}],"curies":[{"name":"wp","href":"https:\/\/api.w.org\/{rel}","templated":true}]}}